{"id":13371,"date":"2025-03-04T07:47:51","date_gmt":"2025-03-04T06:47:51","guid":{"rendered":"https:\/\/serbenidorm.daliisolutions.com\/index.php\/2025\/03\/04\/asi-sera-el-camino-del-huesitos-la-vila-hacia-la-permanencia\/"},"modified":"2025-03-04T07:47:51","modified_gmt":"2025-03-04T06:47:51","slug":"asi-sera-el-camino-del-huesitos-la-vila-hacia-la-permanencia","status":"publish","type":"post","link":"https:\/\/serbenidorm.daliisolutions.com\/index.php\/2025\/03\/04\/asi-sera-el-camino-del-huesitos-la-vila-hacia-la-permanencia\/","title":{"rendered":"As\u00ed ser\u00e1 el camino del Huesitos-La Vila hacia la permanencia"},"content":{"rendered":"  <p><div data-adtype=\"MLDB\"><\/div><\/p>   <p>Benidorm<\/p>   <p>El Huesitos-La Vila ha puesto este fin de semana punto y final a la primera fase de la competici\u00f3n liguera de la Divisi\u00f3n de Honor del rugby nacional con un valioso triunfo ante el Cisneros (que debido a ese tropiezo se queda fuera de la pelea por el t\u00edtulo) antes de retomar, ya este pr\u00f3ximo fin de semana, la competici\u00f3n con la disputa de la segunda fase en la que los de Hern\u00e1n Quirelli deber\u00e1n afianzar la permanencia.<\/p>   <p>Ese camino comenzar\u00e1 para el XV chocolatero este mismo fin de semana con un desplazamiento hasta la cancha del Pozuelo, ante el que en la primera fase, en un partido disputado en El Pantano, se impusieron por 27-20.<\/p>   <p>En la segunda jornada, prevista para el domingo d\u00eda 23 de marzo, el Huesitos-La Vila volver\u00e1 a viajar fuera, en este caso al campo del Bar\u00e7a (que se impuso por 34-37 en su visita a El Pantano el pasado 12 de enero) antes de medirse, en un tercer partido como visitante, al Cisneros, precisamente, su \u00faltimo rival de la fase regular (36-24 para los vileros) el d\u00eda 30 de marzo.<\/p>   <p>Los vileros no debutar\u00e1n como locales hasta el d\u00eda 6 de abril, cuando recibir\u00e1n en El Pantano a Les Abelles, colista de la primera fase y que en su enfrentamiento en Valencia cay\u00f3 por 29-34. Todo ello, antes de cerrar la temporada el d\u00eda 27 de abril, de nuevo en casa, ante el Ordizia, que se impuso en su casa por 26-17 en la primera vuelta.<\/p> ","protected":false},"excerpt":{"rendered":"<p>El equipo de Hern\u00e1n \u2018Falu\u2019 Quirelli cierra la primera fase con victoria<\/p>\n","protected":false},"author":0,"featured_media":13372,"comment_status":"open","ping_status":"open","sticky":false,"template":"","format":"standard","meta":{"_acf_changed":false,"footnotes":""},"categories":[16],"tags":[],"class_list":["post-13371","post","type-post","status-publish","format-standard","has-post-thumbnail","hentry","category-deportes"],"acf":{"ser_id":"HRJSYMFLHRC3HJFFEJIQIENCZM","ser_url":"https:\/\/cadenaser.com\/comunitat-valenciana\/2025\/03\/03\/asi-sera-el-camino-del-huesitos-la-vila-hacia-la-permanencia-radio-benidorm\/"},"_links":{"self":[{"href":"https:\/\/serbenidorm.daliisolutions.com\/index.php\/wp-json\/wp\/v2\/posts\/13371","targetHints":{"allow":["GET"]}}],"collection":[{"href":"https:\/\/serbenidorm.daliisolutions.com\/index.php\/wp-json\/wp\/v2\/posts"}],"about":[{"href":"https:\/\/serbenidorm.daliisolutions.com\/index.php\/wp-json\/wp\/v2\/types\/post"}],"replies":[{"embeddable":true,"href":"https:\/\/serbenidorm.daliisolutions.com\/index.php\/wp-json\/wp\/v2\/comments?post=13371"}],"version-history":[{"count":0,"href":"https:\/\/serbenidorm.daliisolutions.com\/index.php\/wp-json\/wp\/v2\/posts\/13371\/revisions"}],"wp:featuredmedia":[{"embeddable":true,"href":"https:\/\/serbenidorm.daliisolutions.com\/index.php\/wp-json\/wp\/v2\/media\/13372"}],"wp:attachment":[{"href":"https:\/\/serbenidorm.daliisolutions.com\/index.php\/wp-json\/wp\/v2\/media?parent=13371"}],"wp:term":[{"taxonomy":"category","embeddable":true,"href":"https:\/\/serbenidorm.daliisolutions.com\/index.php\/wp-json\/wp\/v2\/categories?post=13371"},{"taxonomy":"post_tag","embeddable":true,"href":"https:\/\/serbenidorm.daliisolutions.com\/index.php\/wp-json\/wp\/v2\/tags?post=13371"}],"curies":[{"name":"wp","href":"https:\/\/api.w.org\/{rel}","templated":true}]}}