{"id":13373,"date":"2025-03-04T07:47:52","date_gmt":"2025-03-04T06:47:52","guid":{"rendered":"https:\/\/serbenidorm.daliisolutions.com\/index.php\/2025\/03\/04\/el-servigroup-playas-de-benidorm-peleara-por-el-ascenso-a-la-superliga\/"},"modified":"2025-03-04T07:47:52","modified_gmt":"2025-03-04T06:47:52","slug":"el-servigroup-playas-de-benidorm-peleara-por-el-ascenso-a-la-superliga","status":"publish","type":"post","link":"https:\/\/serbenidorm.daliisolutions.com\/index.php\/2025\/03\/04\/el-servigroup-playas-de-benidorm-peleara-por-el-ascenso-a-la-superliga\/","title":{"rendered":"El Servigroup Playas de Benidorm pelear\u00e1 por el ascenso a la Superliga"},"content":{"rendered":"  <p><div data-adtype=\"MLDB\"><\/div><\/p>   <p>Benidorm<\/p>   <p>Cuando faltan todav\u00eda cuatro jornadas para el final de la fase regular de la Superliga 2 de voleibol, el Servigroup Playas de Benidorm masculino ha rubricado, gracias a su triunfo por 0-3 (17-25, 11-25 y 18-25) en Almer\u00eda, su clasificaci\u00f3n matem\u00e1tica para la fase de ascenso a la m\u00e1xima categor\u00eda del voleibol nacional. All\u00ed coincidir\u00e1 con el Textil Santanderina y el Bar\u00e7a, los dos equipos tambi\u00e9n clasificados ya de forma matem\u00e1tica y provenientes de los grupos A y B de la competici\u00f3n. A su vez, Roquetes, Arona y Legan\u00e9s aparecen como los casi seguros clasificados como segundos de grupo.<\/p>   <p>Aunque no lo hubiese necesitado (al haber sumado los tres puntos), el pase de los benidormenses se hizo todav\u00eda m\u00e1s firme despu\u00e9s de que el Villena-Petrer se dejara un nuevo punto por el camino al ganar por 3-2 en casa al Utrera, algo que supo aprovechar el Legan\u00e9s para poner tierra de por medio y colocarse con siete puntos de renta cuando s\u00f3lo quedan doce por disputarse.<\/p>   <p>Tras la finalizaci\u00f3n del partido, el entrenador benidormense, Adriano Lamb, valor\u00f3 el gran momento del equipo y los nuevos objetivos de la temporada. \u201cHemos conseguido el primer gran objetivo de la temporada, que era asegurarnos la fase de ascenso. El equipo ha estado a un gran nivel, con una victoria contundente en la que hemos podido dar puntos de juego a todos los jugadores. Ahora toca seguir trabajando porque queremos m\u00e1s: el siguiente reto es pelear por acabar como campeones del grupo C\u201d.<\/p>   <p><b>Camino del derbi femenino<\/b><\/p>   <p>En lo que respecta a la Superliga 2 femenina, los dos equipos de la Marina Baixa se preparan para afrontar el gran derbi comarcal que se disputar\u00e1 en el pabell\u00f3n Ra\u00fal Mesa a las cinco de la tarde del pr\u00f3ximo s\u00e1bado.<\/p>   <p>Un partido al que, al menos a tenor de los resultados de este fin de semana, las de Finestrat llegan con algo m\u00e1s de ventaja. Las de Juanvi Llinares se impusieron por 3-0 (25-18, 25-21 y 25-20) al Gran Canaria mientras que el Servigroup Playas de Benidorm s\u00f3lo pudo salvar un punto de su visita a Almer\u00eda, donde cay\u00f3 por 3-2 (21-25, 25-19, 24-26, 25-19 y 15-12).<\/p>   <p>     .c-w{         max-width:444px;         width:100%;         margin:32px auto;      background:#00755E;         border-radius:4px;         display:flex;         align-items:center;         justify-content:center;     }     .c-w a{         display:flex;         align-items:center;         justify-content:center;         padding:4px 24px;     }     .c-w img{         width:24px;         margin-right:12px;     }     .c-w p{         font:18px\/25px Poppins;         text-align:center;         color:#fff;         margin:0;     }     @media (max-width:444px){         .c-w a{             padding:4px 12px;         }         .c-w img{             width:24px;             margin-right:8px;         }         .c-w p{             font:14px\/25px Poppins;         }     }     @media (max-width:335px){         .c-w p{             font:13px\/25px Poppins;         }     }  <div class=\"c-w\">     <a href=\"https:\/\/www.whatsapp.com\/channel\/0029Va633PF9WtC4l7XUzh1e\" rel=\"nofollow\" target=\"_blank\">         <img decoding=\"async\" src=\"https:\/\/cadenaser.com\/estaticos\/recursosgraficos\/responsive\/img\/ico-whatsapp.svg\" alt=\"Whatsapp\">         <p>\u00danete al <b>canal de WhatsApp<\/b> de la SER<\/p>     <\/a> <\/div><\/p> ","protected":false},"excerpt":{"rendered":"<p>El equipo de Adriano Lamb certifica su clasificaci\u00f3n matem\u00e1tica junto a Textil Santanderina y Bar\u00e7a<\/p>\n","protected":false},"author":0,"featured_media":13374,"comment_status":"open","ping_status":"open","sticky":false,"template":"","format":"standard","meta":{"_acf_changed":false,"footnotes":""},"categories":[16],"tags":[],"class_list":["post-13373","post","type-post","status-publish","format-standard","has-post-thumbnail","hentry","category-deportes"],"acf":{"ser_id":"PBYFMOB6NZGTDPU3SHRAK6NNNI","ser_url":"https:\/\/cadenaser.com\/comunitat-valenciana\/2025\/03\/03\/el-servigroup-playas-de-benidorm-peleara-por-el-ascenso-a-la-superliga-radio-benidorm\/"},"_links":{"self":[{"href":"https:\/\/serbenidorm.daliisolutions.com\/index.php\/wp-json\/wp\/v2\/posts\/13373","targetHints":{"allow":["GET"]}}],"collection":[{"href":"https:\/\/serbenidorm.daliisolutions.com\/index.php\/wp-json\/wp\/v2\/posts"}],"about":[{"href":"https:\/\/serbenidorm.daliisolutions.com\/index.php\/wp-json\/wp\/v2\/types\/post"}],"replies":[{"embeddable":true,"href":"https:\/\/serbenidorm.daliisolutions.com\/index.php\/wp-json\/wp\/v2\/comments?post=13373"}],"version-history":[{"count":0,"href":"https:\/\/serbenidorm.daliisolutions.com\/index.php\/wp-json\/wp\/v2\/posts\/13373\/revisions"}],"wp:featuredmedia":[{"embeddable":true,"href":"https:\/\/serbenidorm.daliisolutions.com\/index.php\/wp-json\/wp\/v2\/media\/13374"}],"wp:attachment":[{"href":"https:\/\/serbenidorm.daliisolutions.com\/index.php\/wp-json\/wp\/v2\/media?parent=13373"}],"wp:term":[{"taxonomy":"category","embeddable":true,"href":"https:\/\/serbenidorm.daliisolutions.com\/index.php\/wp-json\/wp\/v2\/categories?post=13373"},{"taxonomy":"post_tag","embeddable":true,"href":"https:\/\/serbenidorm.daliisolutions.com\/index.php\/wp-json\/wp\/v2\/tags?post=13373"}],"curies":[{"name":"wp","href":"https:\/\/api.w.org\/{rel}","templated":true}]}}