{"id":13375,"date":"2025-03-04T07:47:53","date_gmt":"2025-03-04T06:47:53","guid":{"rendered":"https:\/\/serbenidorm.daliisolutions.com\/index.php\/2025\/03\/04\/juan-y-thierry-lallemand-se-adjudican-las-200-millas-a2-de-altea\/"},"modified":"2025-03-04T07:47:53","modified_gmt":"2025-03-04T06:47:53","slug":"juan-y-thierry-lallemand-se-adjudican-las-200-millas-a2-de-altea","status":"publish","type":"post","link":"https:\/\/serbenidorm.daliisolutions.com\/index.php\/2025\/03\/04\/juan-y-thierry-lallemand-se-adjudican-las-200-millas-a2-de-altea\/","title":{"rendered":"Juan y Thierry Lallemand se adjudican las 200 millas a2 de Altea"},"content":{"rendered":"  <p><div data-adtype=\"MLDB\"><\/div><\/p>   <p>Benidorm<\/p>   <p>La pareja, padre e hijo, formada por Juan y Thierry Lallemand del Club N\u00e1utico de Altea ha revalidado su t\u00edtulo conseguido el a\u00f1o pasado y vuelven a hacerse con la primera posici\u00f3n de la general de esta emblem\u00e1tica regata del mediterr\u00e1neo. Con esta victoria suman un total de tres victorias en las 200 millas a2 (2016, 2024 y 2025).<\/p>   <p>El Guaguanco IV acumula un importante palmar\u00e9s en los \u00faltimos a\u00f1os; terceros en el mundial a2 de 2023, primeros este a\u00f1o en las 300 millas a3 de Moraira, segundos en la vuelta a Mallorca A3 y ganadores de las 200 millas a2 2024 y 2025.<\/p>   <p>Si algo ha caracterizado a esta edici\u00f3n ha sido el alto nivel competitivo, entre los 30 equipos que han tomado la salida este viernes se encuentran regatistas de gran trayectoria. Y es que cada a\u00f1o las 200 millas a2 de Altea aumenta su nivel haciendo honor a su fama nacional de regata dura y competitiva.<\/p>   <p>La flota de la 39 edici\u00f3n de las 200 millas a2 tomaba la salida la ma\u00f1ana de este viernes 28 de febrero. El comit\u00e9 de regatas, con Marino Gil al mando, anunciaba procedimiento de salida a la hora programada y los 30 cruceros pon\u00edan rumbo a Ibiza a las 12:00 horas.<\/p>   <p>El viento ha soplado de levante con una intensidad de 14 a 15 nudos y con sol en la bah\u00eda de Altea. Todo el p\u00fablico asistente ha podido disfrutar de un d\u00eda espectacular para la vela. El Club N\u00e1utico de Altea ha dispuesto el catamar\u00e1n de Mundo Marino con capacidad para 120 personas para que los interesados pudieran disfrutar desde el mar de esta salida, as\u00ed mismo la Goleta Tirant Primer de la Generalitat Valenciana ha salido al mar con autoridades y organizadores.<\/p>   <p>     .c-w{         max-width:444px;         width:100%;         margin:32px auto;      background:#00755E;         border-radius:4px;         display:flex;         align-items:center;         justify-content:center;     }     .c-w a{         display:flex;         align-items:center;         justify-content:center;         padding:4px 24px;     }     .c-w img{         width:24px;         margin-right:12px;     }     .c-w p{         font:18px\/25px Poppins;         text-align:center;         color:#fff;         margin:0;     }     @media (max-width:444px){         .c-w a{             padding:4px 12px;         }         .c-w img{             width:24px;             margin-right:8px;         }         .c-w p{             font:14px\/25px Poppins;         }     }     @media (max-width:335px){         .c-w p{             font:13px\/25px Poppins;         }     }  <div class=\"c-w\">     <a href=\"https:\/\/www.whatsapp.com\/channel\/0029Va633PF9WtC4l7XUzh1e\" rel=\"nofollow\" target=\"_blank\">         <img decoding=\"async\" src=\"https:\/\/cadenaser.com\/estaticos\/recursosgraficos\/responsive\/img\/ico-whatsapp.svg\" alt=\"Whatsapp\">         <p>\u00danete al <b>canal de WhatsApp<\/b> de la SER<\/p>     <\/a> <\/div><\/p>   <p>Ha sido una edici\u00f3n intensa y r\u00e1pida, la primera embarcaci\u00f3n en pasar por meta ha sido el Alzira Moraira con un tiempo de 26 horas y 5 minutos, que se ha llevado el trofeo como primero en tiempo real.<\/p>   <p>La meteorolog\u00eda ha sido fiel a la \u00e9poca del a\u00f1o en la que se celebra esta regata y ha asegurado la emoci\u00f3n en unas 200 millas a2 donde el intenso viento y el oleaje ha puesto a prueba a los regatistas de esta edici\u00f3n.<\/p>   <p>En el primer tramo direcci\u00f3n Ibiza la flota ha navegado de ce\u00f1ida con viento de levante moderado, pero al llegar a Ibiza la intensidad del viento ha subido suba y se han dado rachas fuertes. En Formentera parte de la flota se ha encontrado con chubascos y ya en el \u00faltimo tramo de vuelta a Altea los regatistas han vuelto con bastante mar de fondo y vientos m\u00e1s fuertes entre los 20 o 25 nudos.<\/p>   <p>Los ganadores de los lingotes de plata, insignia de las 200 millas a2, por conseguir los primeros tres puestos de la general, que tambi\u00e9n coinciden con los tres primeros en ORC B, han sido el Guaguanco IV de Thierry y Juan Lallemand del CN Altea en primera posici\u00f3n, Eduardo Horrach y Andreu Roig del RCN Palma con el Azuree en segunda posici\u00f3n y Didac Costa y Daniel Mart\u00edn terceros con la embarcaci\u00f3n Inteman del RCM Barcelona.<\/p>   <p>En la clase ORC A el ganador ha sido el Modul de Felix Comas y Florian Kreis del CN Santa Ponsa, seguidos por Jose Luis y Carlos Franc\u00e9s del RCN Valencia con el M10 y en tercera posici\u00f3n ha quedado el Limbo II de Miguel \u00c1ngel Garc\u00eda y Rodrigo \u00c1lvarez del CN Altea.<\/p>   <p>En ORC C el oro ha sido para el O\u2019Marylou de Jesus de Miguel y Jorge Sansimon del CNM Internacional. En segunda posici\u00f3n en esta clase ha quedado el Ozu 2 de Enrique Mena y Francisco de Asis del RCN Torrevieja y el tercer puesto ha sido para el Aurora de Javier Lled\u00f3 y Jes\u00fas del Toro del RCN Calpe.<\/p>   <p>El trofeo por clubes este a\u00f1o ha vuelto a ser para el RCN Torrevieja, revalidando su t\u00edtulo de 2024, gracias a los puestos de las tres embarcaciones Falapouco, Ozu 2 y Mevilla \u2013 Jumbuck.<\/p>   <p>La regata ha podido seguirse en tiempo real en Internet a trav\u00e9s de la p\u00e1gina web de la regata <a href=\"http:\/\/www.200millasa2.com\" target=\"_blank\">www.200millasa2.com<\/a>. Todos los barcos participantes llevan instalado un sistema GPS con el fin de poder realizar el seguimiento v\u00eda sat\u00e9lite.<\/p>   <p>El Club N\u00e1utico de Altea ya est\u00e1 preparando la edici\u00f3n de 2025 donde se cumplir\u00e1 el 40 aniversario de la regata y ser\u00e1 Campeonato de Europa A2, una edici\u00f3n que promete ser todo un \u00e9xito.<\/p> ","protected":false},"excerpt":{"rendered":"<p>Los regatistas alteanos, padre e hijo, defendieron el t\u00edtulo conseguido un a\u00f1o antes<\/p>\n","protected":false},"author":0,"featured_media":13376,"comment_status":"open","ping_status":"open","sticky":false,"template":"","format":"standard","meta":{"_acf_changed":false,"footnotes":""},"categories":[16],"tags":[],"class_list":["post-13375","post","type-post","status-publish","format-standard","has-post-thumbnail","hentry","category-deportes"],"acf":{"ser_id":"IVZPJEWKDFCJTF2VJKISNTLHXY","ser_url":"https:\/\/cadenaser.com\/comunitat-valenciana\/2025\/03\/03\/juan-y-thierry-lallemand-se-adjudican-las-200-millas-a2-de-altea-radio-benidorm\/"},"_links":{"self":[{"href":"https:\/\/serbenidorm.daliisolutions.com\/index.php\/wp-json\/wp\/v2\/posts\/13375","targetHints":{"allow":["GET"]}}],"collection":[{"href":"https:\/\/serbenidorm.daliisolutions.com\/index.php\/wp-json\/wp\/v2\/posts"}],"about":[{"href":"https:\/\/serbenidorm.daliisolutions.com\/index.php\/wp-json\/wp\/v2\/types\/post"}],"replies":[{"embeddable":true,"href":"https:\/\/serbenidorm.daliisolutions.com\/index.php\/wp-json\/wp\/v2\/comments?post=13375"}],"version-history":[{"count":0,"href":"https:\/\/serbenidorm.daliisolutions.com\/index.php\/wp-json\/wp\/v2\/posts\/13375\/revisions"}],"wp:featuredmedia":[{"embeddable":true,"href":"https:\/\/serbenidorm.daliisolutions.com\/index.php\/wp-json\/wp\/v2\/media\/13376"}],"wp:attachment":[{"href":"https:\/\/serbenidorm.daliisolutions.com\/index.php\/wp-json\/wp\/v2\/media?parent=13375"}],"wp:term":[{"taxonomy":"category","embeddable":true,"href":"https:\/\/serbenidorm.daliisolutions.com\/index.php\/wp-json\/wp\/v2\/categories?post=13375"},{"taxonomy":"post_tag","embeddable":true,"href":"https:\/\/serbenidorm.daliisolutions.com\/index.php\/wp-json\/wp\/v2\/tags?post=13375"}],"curies":[{"name":"wp","href":"https:\/\/api.w.org\/{rel}","templated":true}]}}