{"id":13377,"date":"2025-03-04T13:22:49","date_gmt":"2025-03-04T12:22:49","guid":{"rendered":"https:\/\/serbenidorm.daliisolutions.com\/index.php\/2025\/03\/04\/el-paro-vuelve-a-bajar-en-benidorm-y-la-marina-baixa-durante-febrero\/"},"modified":"2025-03-04T13:22:49","modified_gmt":"2025-03-04T12:22:49","slug":"el-paro-vuelve-a-bajar-en-benidorm-y-la-marina-baixa-durante-febrero","status":"publish","type":"post","link":"https:\/\/serbenidorm.daliisolutions.com\/index.php\/2025\/03\/04\/el-paro-vuelve-a-bajar-en-benidorm-y-la-marina-baixa-durante-febrero\/","title":{"rendered":"El paro vuelve a bajar en Benidorm y la Marina Baixa durante febrero"},"content":{"rendered":"  <p><div data-adtype=\"MLDB\"><\/div><\/p>   <p>Benidorm<\/p>   <p>Los datos del paro que hemos conocido esta semana reflejan un descenso del n\u00famero de desempleados en la Marina Baixa de 275 durante el \u00faltimo mes y m\u00e1s de 700 durante el \u00faltimo a\u00f1o.<\/p>   <p>Febrero ha terminado con 9.228 personas inscritas en el Servicio Valenciano de Empleo (Labora) y durante todo el mes se han firmado m\u00e1s de <a href=\"https:\/\/cadenaser.com\/tag\/comarca_la_marina_baixa\/a\/\" target=\"_blank\">2.300 nuevos contratos en la comarca<\/a>, un ligero incremento respecto al mes de enero. <\/p>  <p><p>M\u00e1s informaci\u00f3n<\/p><figure><img loading=\"lazy\" decoding=\"async\" src=\"https:\/\/cadenaser.com\/resizer\/v2\/52O52D7XTVDZBGIIHFSWCSJIXY.jpg?auth=d6dc2edd8017e2e74513d3a68482d79b9dc5903c334e0705096c04373672f405&amp;quality=70&amp;width=360&amp;height=202&amp;smart=true\" width=\"820\" height=\"621\" \/><\/figure><ul><li><a href=\"https:\/\/cadenaser.com\/comunitat-valenciana\/2025\/03\/03\/el-caso-enchufes-de-benidorm-a-juicio-a-partir-del-6-de-noviembre-radio-benidorm\/\"><span>El \u201ccaso enchufes\u201d de Benidorm, a juicio a partir del 6 de noviembre<\/span><\/a><\/li><\/ul><\/p>   <p>Yolanda D\u00edaz, secretaria general de UGT en las Marinas, sigue poniendo el foco en el mayor porcentaje de mujeres en paro pero celebra el descenso del desempleo en la agricultura, la construcci\u00f3n y el sector servicios, que supone \u00abel 98 % del total de la ca\u00edda\u00bb.<\/p>   <p>El secretario de Di\u00e1logo Social de Comisiones Obreras en la Comunitat Valenciana hace hincapi\u00e9 por su parte en los beneficios de la reducci\u00f3n de la jornada laboral a 37 horas y media. Dani Pati\u00f1o ha insistido en que el volumen de contrataci\u00f3n y el mayor equilibrio entre jornadas completas y parciales en la comarca \u00abnos hace pensar que esta medida en tramitaci\u00f3n tenga un efecto positivo\u00bb.<\/p>   <p>La mitad del descenso del paro durante febrero corresponde a <a href=\"https:\/\/cadenaser.com\/tag\/benidorm\/a\/\" target=\"_blank\">Benidorm: 137 desempleados menos<\/a>; en La Vila son 21 menos; en Altea 28 menos; l\u2019Alf\u00e0s del Pi 19 menos y en La Nuc\u00eda 28 parados menos que el mes anterior.<\/p>   <p>     .c-w{         max-width:444px;         width:100%;         margin:32px auto;      background:#00755E;         border-radius:4px;         display:flex;         align-items:center;         justify-content:center;     }     .c-w a{         display:flex;         align-items:center;         justify-content:center;         padding:4px 24px;     }     .c-w img{         width:24px;         margin-right:12px;     }     .c-w p{         font:18px\/25px Poppins;         text-align:center;         color:#fff;         margin:0;     }     @media (max-width:444px){         .c-w a{             padding:4px 12px;         }         .c-w img{             width:24px;             margin-right:8px;         }         .c-w p{             font:14px\/25px Poppins;         }     }     @media (max-width:335px){         .c-w p{             font:13px\/25px Poppins;         }     }  <div class=\"c-w\">     <a href=\"https:\/\/www.whatsapp.com\/channel\/0029Va633PF9WtC4l7XUzh1e\" rel=\"nofollow\" target=\"_blank\">         <img decoding=\"async\" src=\"https:\/\/cadenaser.com\/estaticos\/recursosgraficos\/responsive\/img\/ico-whatsapp.svg\" alt=\"Whatsapp\">         <p>\u00danete al <b>canal de WhatsApp<\/b> de la SER<\/p>     <\/a> <\/div><\/p> ","protected":false},"excerpt":{"rendered":"<p>275 desempleados menos que hace un mes<\/p>\n","protected":false},"author":0,"featured_media":13378,"comment_status":"open","ping_status":"open","sticky":false,"template":"","format":"standard","meta":{"_acf_changed":false,"footnotes":""},"categories":[1],"tags":[],"class_list":["post-13377","post","type-post","status-publish","format-standard","has-post-thumbnail","hentry","category-sin-categoria"],"acf":{"ser_id":"KKHJVUDBQNEG5CNAFSIOUND4EA","ser_url":"https:\/\/cadenaser.com\/comunitat-valenciana\/2025\/03\/04\/el-paro-vuelve-a-bajar-en-benidorm-y-la-marina-baixa-durante-febrero-radio-benidorm\/"},"_links":{"self":[{"href":"https:\/\/serbenidorm.daliisolutions.com\/index.php\/wp-json\/wp\/v2\/posts\/13377","targetHints":{"allow":["GET"]}}],"collection":[{"href":"https:\/\/serbenidorm.daliisolutions.com\/index.php\/wp-json\/wp\/v2\/posts"}],"about":[{"href":"https:\/\/serbenidorm.daliisolutions.com\/index.php\/wp-json\/wp\/v2\/types\/post"}],"replies":[{"embeddable":true,"href":"https:\/\/serbenidorm.daliisolutions.com\/index.php\/wp-json\/wp\/v2\/comments?post=13377"}],"version-history":[{"count":0,"href":"https:\/\/serbenidorm.daliisolutions.com\/index.php\/wp-json\/wp\/v2\/posts\/13377\/revisions"}],"wp:featuredmedia":[{"embeddable":true,"href":"https:\/\/serbenidorm.daliisolutions.com\/index.php\/wp-json\/wp\/v2\/media\/13378"}],"wp:attachment":[{"href":"https:\/\/serbenidorm.daliisolutions.com\/index.php\/wp-json\/wp\/v2\/media?parent=13377"}],"wp:term":[{"taxonomy":"category","embeddable":true,"href":"https:\/\/serbenidorm.daliisolutions.com\/index.php\/wp-json\/wp\/v2\/categories?post=13377"},{"taxonomy":"post_tag","embeddable":true,"href":"https:\/\/serbenidorm.daliisolutions.com\/index.php\/wp-json\/wp\/v2\/tags?post=13377"}],"curies":[{"name":"wp","href":"https:\/\/api.w.org\/{rel}","templated":true}]}}