{"id":13379,"date":"2025-03-04T14:15:52","date_gmt":"2025-03-04T13:15:52","guid":{"rendered":"https:\/\/serbenidorm.daliisolutions.com\/index.php\/2025\/03\/04\/benidorm-acoge-el-xviii-congreso-anacer-con-los-ultimos-avances-en-reproduccion-asistida\/"},"modified":"2025-03-04T14:15:52","modified_gmt":"2025-03-04T13:15:52","slug":"benidorm-acoge-el-xviii-congreso-anacer-con-los-ultimos-avances-en-reproduccion-asistida","status":"publish","type":"post","link":"https:\/\/serbenidorm.daliisolutions.com\/index.php\/2025\/03\/04\/benidorm-acoge-el-xviii-congreso-anacer-con-los-ultimos-avances-en-reproduccion-asistida\/","title":{"rendered":"Benidorm acoge el XVIII Congreso ANACER con los \u00faltimos avances en reproducci\u00f3n asistida"},"content":{"rendered":"  <p><div data-adtype=\"MLDB\"><\/div><\/p>   <p>Benidorm<\/p>   <p>La ciudad de Benidorm ser\u00e1 el epicentro de la reproducci\u00f3n humana asistida del 21 al 23 de marzo con la celebraci\u00f3n del XVIII Congreso de la Asociaci\u00f3n Nacional de Cl\u00ednicas de Reproducci\u00f3n Asistida (ANACER). <\/p>   <p>La cita anual de ANACER se ha consolidado como un referente en el sector, <a href=\"https:\/\/cadenaser.com\/tag\/benidorm\/a\/\" target=\"_blank\">reuniendo a un centenar de destacados especialistas para analizar los avances m\u00e1s recientes<\/a>, debatir sobre los retos de la fertilidad y compartir experiencias cl\u00ednicas. Durante tres d\u00edas, se abordar\u00e1n temas de radiante actualidad con ponencias de expertos de renombre internacional.<\/p>   <p>El congreso arrancar\u00e1 el s\u00e1bado 22 de marzo con la inauguraci\u00f3n oficial, seguida de una agenda de gran inter\u00e9s para la comunidad cient\u00edfica. Entre las ponencias m\u00e1s esperadas se encuentran:<\/p>   <p><li>\u00abEnse\u00f1anzas resultantes de haber hecho PGT-A a m\u00e1s de 64.000 embriones\u00bb, a cargo del Dr. Roberto Matorras, referente en el \u00e1mbito de la gen\u00e9tica embrionaria.<\/li><li>\u00abControversias sobre el uso de ion\u00f3foros de calcio tras fallos de fecundaci\u00f3n por ICSI\u00bb, presentada por la Dra. Minerva Ferrer, que analizar\u00e1 un tema clave en la embriolog\u00eda cl\u00ednica.<\/li><li>\u00abMicrobiota endometrial\u00bb, una ponencia a cargo de la Dra. Signe Altm\u00e4e, que expondr\u00e1 los \u00faltimos descubrimientos sobre la influencia del microbioma en la implantaci\u00f3n embrionaria.<\/li><li>\u00abResultados del estudio multic\u00e9ntrico ANACER sobre gonadotropinas\u00bb, dirigido por el Dr. Ignacio Mazzanti, presidente de ANACER, con hallazgos de gran relevancia para la optimizaci\u00f3n de los tratamientos hormonales.<\/li><\/p> ","protected":false},"excerpt":{"rendered":"<p>El evento, que se celebrar\u00e1 del 21 al 23 de este mes, ser\u00e1 un punto de encuentro para intercambiar conocimientos y descubrir las innovaciones en tratamientos de fertilidad <\/p>\n","protected":false},"author":0,"featured_media":13380,"comment_status":"open","ping_status":"open","sticky":false,"template":"","format":"standard","meta":{"_acf_changed":false,"footnotes":""},"categories":[1],"tags":[],"class_list":["post-13379","post","type-post","status-publish","format-standard","has-post-thumbnail","hentry","category-sin-categoria"],"acf":{"ser_id":"YYGPKPQ76VDN3KPRZQRFC2QSTY","ser_url":"https:\/\/cadenaser.com\/comunitat-valenciana\/2025\/03\/04\/benidorm-acoge-el-xviii-congreso-anacer-con-los-ultimos-avances-en-reproduccion-asistida-radio-benidorm\/"},"_links":{"self":[{"href":"https:\/\/serbenidorm.daliisolutions.com\/index.php\/wp-json\/wp\/v2\/posts\/13379","targetHints":{"allow":["GET"]}}],"collection":[{"href":"https:\/\/serbenidorm.daliisolutions.com\/index.php\/wp-json\/wp\/v2\/posts"}],"about":[{"href":"https:\/\/serbenidorm.daliisolutions.com\/index.php\/wp-json\/wp\/v2\/types\/post"}],"replies":[{"embeddable":true,"href":"https:\/\/serbenidorm.daliisolutions.com\/index.php\/wp-json\/wp\/v2\/comments?post=13379"}],"version-history":[{"count":0,"href":"https:\/\/serbenidorm.daliisolutions.com\/index.php\/wp-json\/wp\/v2\/posts\/13379\/revisions"}],"wp:featuredmedia":[{"embeddable":true,"href":"https:\/\/serbenidorm.daliisolutions.com\/index.php\/wp-json\/wp\/v2\/media\/13380"}],"wp:attachment":[{"href":"https:\/\/serbenidorm.daliisolutions.com\/index.php\/wp-json\/wp\/v2\/media?parent=13379"}],"wp:term":[{"taxonomy":"category","embeddable":true,"href":"https:\/\/serbenidorm.daliisolutions.com\/index.php\/wp-json\/wp\/v2\/categories?post=13379"},{"taxonomy":"post_tag","embeddable":true,"href":"https:\/\/serbenidorm.daliisolutions.com\/index.php\/wp-json\/wp\/v2\/tags?post=13379"}],"curies":[{"name":"wp","href":"https:\/\/api.w.org\/{rel}","templated":true}]}}