{"id":13381,"date":"2025-03-04T16:03:59","date_gmt":"2025-03-04T15:03:59","guid":{"rendered":"https:\/\/serbenidorm.daliisolutions.com\/index.php\/2025\/03\/04\/benidorm-cierra-parques-por-el-viento-y-lalfas-retoma-las-actividades-deportivas\/"},"modified":"2025-03-04T16:03:59","modified_gmt":"2025-03-04T15:03:59","slug":"benidorm-cierra-parques-por-el-viento-y-lalfas-retoma-las-actividades-deportivas","status":"publish","type":"post","link":"https:\/\/serbenidorm.daliisolutions.com\/index.php\/2025\/03\/04\/benidorm-cierra-parques-por-el-viento-y-lalfas-retoma-las-actividades-deportivas\/","title":{"rendered":"Benidorm cierra parques por el viento y l&#8217;Alf\u00e0s retoma las actividades deportivas"},"content":{"rendered":"  <p><div data-adtype=\"MLDB\"><\/div><\/p>   <p>Benidorm<\/p>   <p>Los ayuntamientos de la Marina Baixa siguen muy pendientes de la evoluci\u00f3n del tiempo despu\u00e9s de haber decretado en la tarde-noche del lunes la suspensi\u00f3n de la actividad lectiva en la mayor parte de ellos (<a href=\"https:\/\/cadenaser.com\/tag\/vila_joiosa\/a\/\" target=\"_blank\">s\u00f3lo La Vila Joiosa ha mantenido este martes sus centros educativos abiertos<\/a>).<\/p>   <p>El consistorio de Benidorm ha anunciado a mediod\u00eda el cierre de varios parques urbanos y los dos cementerios de la ciudad ante la previsi\u00f3n de posibles rachas de viento fuertes vinculadas a fen\u00f3menos costeros durante toda la jornada.<\/p>  <p><p>M\u00e1s informaci\u00f3n<\/p><figure><img loading=\"lazy\" decoding=\"async\" src=\"https:\/\/cadenaser.com\/resizer\/v2\/YBKHEWSXC5GQFLHCE2JEJTOVVU.jpg?auth=93fead8176c84a9874fd1f711cb5977a67a5b91ec2a36aa0ed58a73f0023e99f&amp;quality=70&amp;width=360&amp;height=202&amp;smart=true\" width=\"820\" height=\"621\" \/><\/figure><ul><li><a href=\"https:\/\/cadenaser.com\/comunitat-valenciana\/2025\/03\/03\/benidorm-y-el-resto-de-la-marina-baixa-suspenden-las-clases-el-martes-por-el-riesgo-de-inundaciones-radio-benidorm\/\"><span>Benidorm y el resto de la Marina Baixa suspenden las clases del martes<\/span><\/a><\/li><\/ul><\/p>   <p>Concretamente, el cierre afecta a los parques de Elche, Foietes, l\u2019Aig\u00fcera y S\u00e9quia Mare, y a los cementerios \u2018Verge del Sofratge\u2019 y \u2018Sant Jaume\u2019.<\/p>   <p>Y todo, despu\u00e9s de que a lo largo de esta ma\u00f1ana se hayan registrado vientos m\u00e1ximos de hasta 30 kil\u00f3metros por hora en algunos puntos de Benidorm. En estos momentos la Generalitat Valenciana mantiene activo el aviso amarillo por fen\u00f3menos costeros, que podr\u00edan traducirse olas de entre 2 y 3 metros y vientos de hasta 60 kil\u00f3metros por hora.<\/p>   <p>A su vez, el Ayuntamiento de l\u2019Alf\u00e0s del Pi ha anunciado a esa misma hora la reanudaci\u00f3n de las actividades deportivas en las instalaciones municipales. De esta manera, tanto los equipos y deportistas locales como las escuelas deportivas retomar\u00e1n con normalidad sus entrenamientos y clases a partir de la tarde de este martes.<\/p>   <p>     .c-w{         max-width:444px;         width:100%;         margin:32px auto;      background:#00755E;         border-radius:4px;         display:flex;         align-items:center;         justify-content:center;     }     .c-w a{         display:flex;         align-items:center;         justify-content:center;         padding:4px 24px;     }     .c-w img{         width:24px;         margin-right:12px;     }     .c-w p{         font:18px\/25px Poppins;         text-align:center;         color:#fff;         margin:0;     }     @media (max-width:444px){         .c-w a{             padding:4px 12px;         }         .c-w img{             width:24px;             margin-right:8px;         }         .c-w p{             font:14px\/25px Poppins;         }     }     @media (max-width:335px){         .c-w p{             font:13px\/25px Poppins;         }     }  <div class=\"c-w\">     <a href=\"https:\/\/www.whatsapp.com\/channel\/0029Va633PF9WtC4l7XUzh1e\" rel=\"nofollow\" target=\"_blank\">         <img decoding=\"async\" src=\"https:\/\/cadenaser.com\/estaticos\/recursosgraficos\/responsive\/img\/ico-whatsapp.svg\" alt=\"Whatsapp\">         <p>\u00danete al <b>canal de WhatsApp<\/b> de la SER<\/p>     <\/a> <\/div><\/p>   <p>Por el momento, en todo caso, ni Benidorm ni l\u2019Alf\u00e0s del Pi ni ning\u00fan otro municipio de la Marina Baixa ha oficializado decisi\u00f3n alguna respecto a la reanudaci\u00f3n de las clases de cara al mi\u00e9rcoles aunque diversas fuentes municipales han avanzado a <a href=\"https:\/\/cadenaser.com\/tag\/benidorm\/a\/\" target=\"_blank\">Radio Benidorm<\/a> que, salvo recibir una instrucci\u00f3n en contra por parte de Emergencias, su intenci\u00f3n es retomar la normalidad total en las pr\u00f3ximas horas.<\/p>   <p>NOTICIA EN ACTUALIZACI\u00d3N<\/p> ","protected":false},"excerpt":{"rendered":"<p>No hay decisiones confirmadas sobre la vuelta a las clases el mi\u00e9rcoles<\/p>\n","protected":false},"author":0,"featured_media":13382,"comment_status":"open","ping_status":"open","sticky":false,"template":"","format":"standard","meta":{"_acf_changed":false,"footnotes":""},"categories":[1],"tags":[],"class_list":["post-13381","post","type-post","status-publish","format-standard","has-post-thumbnail","hentry","category-sin-categoria"],"acf":{"ser_id":"S6W6Y7YC5NCCJMEI6FMMEA7NBE","ser_url":"https:\/\/cadenaser.com\/comunitat-valenciana\/2025\/03\/04\/benidorm-cierra-parques-por-el-viento-y-lalfas-retoma-las-actividades-deportivas-radio-benidorm\/"},"_links":{"self":[{"href":"https:\/\/serbenidorm.daliisolutions.com\/index.php\/wp-json\/wp\/v2\/posts\/13381","targetHints":{"allow":["GET"]}}],"collection":[{"href":"https:\/\/serbenidorm.daliisolutions.com\/index.php\/wp-json\/wp\/v2\/posts"}],"about":[{"href":"https:\/\/serbenidorm.daliisolutions.com\/index.php\/wp-json\/wp\/v2\/types\/post"}],"replies":[{"embeddable":true,"href":"https:\/\/serbenidorm.daliisolutions.com\/index.php\/wp-json\/wp\/v2\/comments?post=13381"}],"version-history":[{"count":0,"href":"https:\/\/serbenidorm.daliisolutions.com\/index.php\/wp-json\/wp\/v2\/posts\/13381\/revisions"}],"wp:featuredmedia":[{"embeddable":true,"href":"https:\/\/serbenidorm.daliisolutions.com\/index.php\/wp-json\/wp\/v2\/media\/13382"}],"wp:attachment":[{"href":"https:\/\/serbenidorm.daliisolutions.com\/index.php\/wp-json\/wp\/v2\/media?parent=13381"}],"wp:term":[{"taxonomy":"category","embeddable":true,"href":"https:\/\/serbenidorm.daliisolutions.com\/index.php\/wp-json\/wp\/v2\/categories?post=13381"},{"taxonomy":"post_tag","embeddable":true,"href":"https:\/\/serbenidorm.daliisolutions.com\/index.php\/wp-json\/wp\/v2\/tags?post=13381"}],"curies":[{"name":"wp","href":"https:\/\/api.w.org\/{rel}","templated":true}]}}