{"id":13383,"date":"2025-03-04T20:05:33","date_gmt":"2025-03-04T19:05:33","guid":{"rendered":"https:\/\/serbenidorm.daliisolutions.com\/index.php\/2025\/03\/04\/benidorm-y-lalfas-retoman-este-miercoles-las-clases-y-siguen-suspendidas-en-altea-la-nucia-o-finestrat\/"},"modified":"2025-03-04T20:05:33","modified_gmt":"2025-03-04T19:05:33","slug":"benidorm-y-lalfas-retoman-este-miercoles-las-clases-y-siguen-suspendidas-en-altea-la-nucia-o-finestrat","status":"publish","type":"post","link":"https:\/\/serbenidorm.daliisolutions.com\/index.php\/2025\/03\/04\/benidorm-y-lalfas-retoman-este-miercoles-las-clases-y-siguen-suspendidas-en-altea-la-nucia-o-finestrat\/","title":{"rendered":"Benidorm y l&#8217;Alf\u00e0s retoman este mi\u00e9rcoles las clases y siguen suspendidas en Altea, La Nuc\u00eda o Finestrat"},"content":{"rendered":"  <p><div data-adtype=\"MLDB\"><\/div><\/p>   <p>Benidorm<\/p>   <p>Los ayuntamientos de la Marina Baixa afrontan el mi\u00e9rcoles con mayor disparidad de opiniones despu\u00e9s de un martes en el que la mayor\u00eda han decido, entre otras medidas, suspender su actividad lectiva por el plan de emergencias por inundaciones activado por la Generalitat Valenciana.<\/p>   <p>En <a href=\"https:\/\/cadenaser.com\/tag\/vila_joiosa\/a\/\" target=\"_blank\">La Vila Joiosa<\/a> seguir\u00e1 habiendo clase y en <a href=\"https:\/\/cadenaser.com\/tag\/benidorm\/a\/\" target=\"_blank\">Benidorm<\/a> y <a href=\"https:\/\/cadenaser.com\/tag\/lalfas_del_pi\/a\/\" target=\"_blank\">l&#8217;Alf\u00e0s del Pi <\/a>ma\u00f1ana volver\u00e1n a abrir los centros educativos y se retomar\u00e1 la normalidad en el t\u00e9rmino municipal una vez que se retira esa situaci\u00f3n de emergencias.<\/p>  <p><p>M\u00e1s informaci\u00f3n<\/p><figure><img loading=\"lazy\" decoding=\"async\" src=\"https:\/\/cadenaser.com\/resizer\/v2\/B2VH73HDJJC4DACUO5BVT62YJE.jpg?auth=c2e423450caae40e6b87311d9fa2264a11006913ea742330bb6ac24148846730&amp;quality=70&amp;width=360&amp;height=202&amp;smart=true\" width=\"820\" height=\"621\" \/><\/figure><ul><li><a href=\"https:\/\/cadenaser.com\/nacional\/2025\/03\/04\/la-generalitat-admite-que-el-112-recibio-19821-llamadas-el-dia-de-la-dana-un-tercio-de-ellas-tres-horas-antes-de-la-alerta-cadena-ser\/\"><span>El informe de la Generalitat revela que miles de llamadas al 112 alertaron de la gravedad de la DANA en las tres horas previas a que se lanzara la alerta<\/span><\/a><\/li><\/ul><\/p>   <p>No obstante, se recomienda mantener las precauciones puesto que sigue existiendo previsi\u00f3n de lluvias, con mayor probabilidad e intensidad a partir de las 12 del mediod\u00eda. Hay activo un aviso amarillo de la Agencia Estatal de Meteorolog\u00eda (Aemet).<\/p>   <p>Por contra los gobiernos de <a href=\"https:\/\/cadenaser.com\/tag\/comarca_la_marina_baixa\/a\/\" target=\"_blank\">Altea, La Nuc\u00eda, Finestrat o Callosa d&#8217;En Sarri\u00e0<\/a> s\u00ed han decidido prorrogar la suspensi\u00f3n un d\u00eda m\u00e1s y ma\u00f1ana mi\u00e9rcoles tampoco habr\u00e1 clase en estas localidades.<\/p>   <p>Lluvias insignificantes<\/p>   <p>La de este martes ha sido una jornada de muchas nubes en la comarca aunque precipitaciones insignificantes. En el interior se ha registrado algo m\u00e1s de agua y Confrides ha sido, seg\u00fan las estaciones de la Agencia Valenciana de Meteorolog\u00eda (Avamet), donde m\u00e1s lluvia se ha acumulado con ocho litros por metro cuadrado.<\/p>   <p>     .c-w{         max-width:444px;         width:100%;         margin:32px auto;      background:#00755E;         border-radius:4px;         display:flex;         align-items:center;         justify-content:center;     }     .c-w a{         display:flex;         align-items:center;         justify-content:center;         padding:4px 24px;     }     .c-w img{         width:24px;         margin-right:12px;     }     .c-w p{         font:18px\/25px Poppins;         text-align:center;         color:#fff;         margin:0;     }     @media (max-width:444px){         .c-w a{             padding:4px 12px;         }         .c-w img{             width:24px;             margin-right:8px;         }         .c-w p{             font:14px\/25px Poppins;         }     }     @media (max-width:335px){         .c-w p{             font:13px\/25px Poppins;         }     }  <div class=\"c-w\">     <a href=\"https:\/\/www.whatsapp.com\/channel\/0029Va633PF9WtC4l7XUzh1e\" rel=\"nofollow\" target=\"_blank\">         <img decoding=\"async\" src=\"https:\/\/cadenaser.com\/estaticos\/recursosgraficos\/responsive\/img\/ico-whatsapp.svg\" alt=\"Whatsapp\">         <p>\u00danete al <b>canal de WhatsApp<\/b> de la SER<\/p>     <\/a> <\/div><\/p>   <p>NOTICIA EN ACTUALIZACI\u00d3N<\/p> ","protected":false},"excerpt":{"rendered":"<p>Aviso amarillo de AEMET por lluvias en la Marina Baixa<\/p>\n","protected":false},"author":0,"featured_media":13384,"comment_status":"open","ping_status":"open","sticky":false,"template":"","format":"standard","meta":{"_acf_changed":false,"footnotes":""},"categories":[1],"tags":[],"class_list":["post-13383","post","type-post","status-publish","format-standard","has-post-thumbnail","hentry","category-sin-categoria"],"acf":{"ser_id":"VHC5OR4RRBEK5GWUD2E4EW7VRE","ser_url":"https:\/\/cadenaser.com\/comunitat-valenciana\/2025\/03\/04\/benidorm-y-lalfas-retoman-este-miercoles-las-clases-que-siguen-suspendidas-en-altea-la-nucia-o-finestrat-radio-benidorm\/"},"_links":{"self":[{"href":"https:\/\/serbenidorm.daliisolutions.com\/index.php\/wp-json\/wp\/v2\/posts\/13383","targetHints":{"allow":["GET"]}}],"collection":[{"href":"https:\/\/serbenidorm.daliisolutions.com\/index.php\/wp-json\/wp\/v2\/posts"}],"about":[{"href":"https:\/\/serbenidorm.daliisolutions.com\/index.php\/wp-json\/wp\/v2\/types\/post"}],"replies":[{"embeddable":true,"href":"https:\/\/serbenidorm.daliisolutions.com\/index.php\/wp-json\/wp\/v2\/comments?post=13383"}],"version-history":[{"count":0,"href":"https:\/\/serbenidorm.daliisolutions.com\/index.php\/wp-json\/wp\/v2\/posts\/13383\/revisions"}],"wp:featuredmedia":[{"embeddable":true,"href":"https:\/\/serbenidorm.daliisolutions.com\/index.php\/wp-json\/wp\/v2\/media\/13384"}],"wp:attachment":[{"href":"https:\/\/serbenidorm.daliisolutions.com\/index.php\/wp-json\/wp\/v2\/media?parent=13383"}],"wp:term":[{"taxonomy":"category","embeddable":true,"href":"https:\/\/serbenidorm.daliisolutions.com\/index.php\/wp-json\/wp\/v2\/categories?post=13383"},{"taxonomy":"post_tag","embeddable":true,"href":"https:\/\/serbenidorm.daliisolutions.com\/index.php\/wp-json\/wp\/v2\/tags?post=13383"}],"curies":[{"name":"wp","href":"https:\/\/api.w.org\/{rel}","templated":true}]}}