{"id":13385,"date":"2025-03-05T17:27:10","date_gmt":"2025-03-05T16:27:10","guid":{"rendered":"https:\/\/serbenidorm.daliisolutions.com\/index.php\/2025\/03\/05\/la-marina-baixa-segunda-comarca-de-alicante-con-menor-participacion-en-la-consulta-de-la-lengua-base\/"},"modified":"2025-03-05T17:27:10","modified_gmt":"2025-03-05T16:27:10","slug":"la-marina-baixa-segunda-comarca-de-alicante-con-menor-participacion-en-la-consulta-de-la-lengua-base","status":"publish","type":"post","link":"https:\/\/serbenidorm.daliisolutions.com\/index.php\/2025\/03\/05\/la-marina-baixa-segunda-comarca-de-alicante-con-menor-participacion-en-la-consulta-de-la-lengua-base\/","title":{"rendered":"La Marina Baixa, segunda comarca de Alicante con menor participaci\u00f3n en la consulta de la lengua base"},"content":{"rendered":"  <p><div data-adtype=\"MLDB\"><\/div><\/p>   <p>Benidorm<\/p>   <p>La consulta de la lengua base ha sido un proceso para que las familias de a Comunitat Valenciana elijan la lengua vehicular de ense\u00f1anza para sus hijos en el curso 2025-2026. Una consulta en la que la Marina Baixa ha sido la segunda comarca de la provincia de Alicante con menos participaci\u00f3n.<\/p>   <p>En total han concurrido<a href=\"https:\/\/cadenaser.com\/tag\/comarca_la_marina_baixa\/a\/\" target=\"_blank\"> los representantes de un 53,95 % de los alumnos<\/a> seg\u00fan los datos facilitados este mi\u00e9rcoles por la Generalitat. Todav\u00eda han participado menos en la Vega Baja, menos de un 47 %, y en el lado opuesto est\u00e1 El Comtat que ha superado el 70 %. <\/p>  <p><p>M\u00e1s informaci\u00f3n<\/p><figure><img loading=\"lazy\" decoding=\"async\" src=\"https:\/\/cadenaser.com\/resizer\/v2\/ZZXALPHRCRARTMJAVSJCRNLAJE.jpeg?auth=2f88547f65d455a7ba07773876c480bd54ccba11c00fa3a9a28c2ee5ad669176&amp;quality=70&amp;width=360&amp;height=202&amp;smart=true\" width=\"820\" height=\"621\" \/><\/figure><ul><li><a href=\"https:\/\/cadenaser.com\/comunitat-valenciana\/2025\/03\/04\/benidorm-y-lalfas-retoman-este-miercoles-las-clases-que-siguen-suspendidas-en-altea-la-nucia-o-finestrat-radio-benidorm\/\"><span>Benidorm y l&#8217;Alf\u00e0s retoman este mi\u00e9rcoles las clases y siguen suspendidas en Altea, La Nuc\u00eda o Finestrat<\/span><\/a><\/li><\/ul><\/p>   <p>De lo ocurrido aqu\u00ed la directora de un instituto de Benidorm, del <a href=\"https:\/\/cadenaser.com\/tag\/benidorm\/a\/\" target=\"_blank\">IES L\u2019Almadrava<\/a>, detecta entre las causas el alto porcentaje de alumnado extranjero o los fallos de la plataforma virtual. \u00abNo sab\u00edamos exactamente c\u00f3mo solucionar el problema y aquellas familias sin competencia digital le resultaba dif\u00edcil\u00bb, ha explicado Ana Tom\u00e1s.<\/p>   <p>Tambi\u00e9n que el \u00faltimo d\u00eda de consulta presencial, ayer, la mayor\u00eda de centros cerraron por las alertas de lluvia, lo que ha reducido a una sola jornada la posibilidad de votar en el mismo colegio e instituto, opci\u00f3n obligada para los que no tienen NIF o NIE, seg\u00fan ha indicado Tom\u00e1s.<\/p>   <p>Los primeros datos globales reflejan que han participado m\u00e1s las familias con alumnos en educaci\u00f3n primaria que secundaria. Ma\u00f1ana se conocer\u00e1n los resultados en cada centro que ten\u00eda que elegir entre el valenciano o castellano.<\/p>   <p>     .c-w{         max-width:444px;         width:100%;         margin:32px auto;      background:#00755E;         border-radius:4px;         display:flex;         align-items:center;         justify-content:center;     }     .c-w a{         display:flex;         align-items:center;         justify-content:center;         padding:4px 24px;     }     .c-w img{         width:24px;         margin-right:12px;     }     .c-w p{         font:18px\/25px Poppins;         text-align:center;         color:#fff;         margin:0;     }     @media (max-width:444px){         .c-w a{             padding:4px 12px;         }         .c-w img{             width:24px;             margin-right:8px;         }         .c-w p{             font:14px\/25px Poppins;         }     }     @media (max-width:335px){         .c-w p{             font:13px\/25px Poppins;         }     }  <div class=\"c-w\">     <a href=\"https:\/\/www.whatsapp.com\/channel\/0029Va633PF9WtC4l7XUzh1e\" rel=\"nofollow\" target=\"_blank\">         <img decoding=\"async\" src=\"https:\/\/cadenaser.com\/estaticos\/recursosgraficos\/responsive\/img\/ico-whatsapp.svg\" alt=\"Whatsapp\">         <p>\u00danete al <b>canal de WhatsApp<\/b> de la SER<\/p>     <\/a> <\/div><\/p> ","protected":false},"excerpt":{"rendered":"<p>Elecci\u00f3n por centros entre el valenciano o castellano como lengua vehicular<\/p>\n","protected":false},"author":0,"featured_media":13386,"comment_status":"open","ping_status":"open","sticky":false,"template":"","format":"standard","meta":{"_acf_changed":false,"footnotes":""},"categories":[1],"tags":[],"class_list":["post-13385","post","type-post","status-publish","format-standard","has-post-thumbnail","hentry","category-sin-categoria"],"acf":{"ser_id":"7MPEMT7QTVHZBIOVQMMP4D6XNM","ser_url":"https:\/\/cadenaser.com\/comunitat-valenciana\/2025\/03\/05\/la-marina-baixa-segunda-comarca-de-alicante-con-menor-participacion-en-la-consulta-de-la-lengua-base-radio-benidorm\/"},"_links":{"self":[{"href":"https:\/\/serbenidorm.daliisolutions.com\/index.php\/wp-json\/wp\/v2\/posts\/13385","targetHints":{"allow":["GET"]}}],"collection":[{"href":"https:\/\/serbenidorm.daliisolutions.com\/index.php\/wp-json\/wp\/v2\/posts"}],"about":[{"href":"https:\/\/serbenidorm.daliisolutions.com\/index.php\/wp-json\/wp\/v2\/types\/post"}],"replies":[{"embeddable":true,"href":"https:\/\/serbenidorm.daliisolutions.com\/index.php\/wp-json\/wp\/v2\/comments?post=13385"}],"version-history":[{"count":0,"href":"https:\/\/serbenidorm.daliisolutions.com\/index.php\/wp-json\/wp\/v2\/posts\/13385\/revisions"}],"wp:featuredmedia":[{"embeddable":true,"href":"https:\/\/serbenidorm.daliisolutions.com\/index.php\/wp-json\/wp\/v2\/media\/13386"}],"wp:attachment":[{"href":"https:\/\/serbenidorm.daliisolutions.com\/index.php\/wp-json\/wp\/v2\/media?parent=13385"}],"wp:term":[{"taxonomy":"category","embeddable":true,"href":"https:\/\/serbenidorm.daliisolutions.com\/index.php\/wp-json\/wp\/v2\/categories?post=13385"},{"taxonomy":"post_tag","embeddable":true,"href":"https:\/\/serbenidorm.daliisolutions.com\/index.php\/wp-json\/wp\/v2\/tags?post=13385"}],"curies":[{"name":"wp","href":"https:\/\/api.w.org\/{rel}","templated":true}]}}