{"id":13387,"date":"2025-03-05T20:16:05","date_gmt":"2025-03-05T19:16:05","guid":{"rendered":"https:\/\/serbenidorm.daliisolutions.com\/index.php\/2025\/03\/05\/todos-los-alumnos-de-la-marina-baixa-vuelven-a-clase-este-jueves\/"},"modified":"2025-03-05T20:16:05","modified_gmt":"2025-03-05T19:16:05","slug":"todos-los-alumnos-de-la-marina-baixa-vuelven-a-clase-este-jueves","status":"publish","type":"post","link":"https:\/\/serbenidorm.daliisolutions.com\/index.php\/2025\/03\/05\/todos-los-alumnos-de-la-marina-baixa-vuelven-a-clase-este-jueves\/","title":{"rendered":"Todos los alumnos de la Marina Baixa vuelven a clase este jueves"},"content":{"rendered":"  <p><div data-adtype=\"MLDB\"><\/div><\/p>   <p>Benidorm<\/p>   <p>Los alumnos de todos los centros educativos de la Marina Baixa vuelven a clase este jueves despu\u00e9s, en el caso de<a href=\"https:\/\/cadenaser.com\/tag\/comarca_la_marina_baixa\/a\/\" target=\"_blank\"> Altea, Finestrat, La Nucia o Callosa<\/a>, de dos d\u00edas sin actividad lectiva debido a la situaci\u00f3n cero de emergencia por inundaciones declarada por la Generalitat Valenciana.<\/p>   <p>As\u00ed lo han ido confirmando a lo largo de la tarde los distintos ayuntamientos implicados, que siguen haciendo un llamamiento a la precauci\u00f3n y permanecer atentos a los canales oficiales de informaci\u00f3n para cualquier novedad que pueda acontecer.<\/p>  <p><p>M\u00e1s informaci\u00f3n<\/p><figure><img loading=\"lazy\" decoding=\"async\" src=\"https:\/\/cadenaser.com\/resizer\/v2\/SYE5ZLBJJ5HADIBIVL2VZ57A6I.jpg?auth=6aa697b754ec232d6640e5e15716066cff684788be9cd7b6d45da7587ee25f27&amp;quality=70&amp;width=360&amp;height=202&amp;smart=true\" width=\"820\" height=\"621\" \/><\/figure><ul><li><a href=\"https:\/\/cadenaser.com\/comunitat-valenciana\/2025\/03\/05\/la-marina-baixa-segunda-comarca-de-alicante-con-menor-participacion-en-la-consulta-de-la-lengua-base-radio-benidorm\/\"><span>La Marina Baixa, segunda comarca de Alicante con menor participaci\u00f3n en la consulta de la lengua base<\/span><\/a><\/li><\/ul><\/p>   <p>Cabe recordar que hoy mi\u00e9rcoles los estudiantes de Benidorm y l&#8217;Alf\u00e0s del Pi ya se reincorporaban a las aulas y que en La Vila Joiosa no se ha perdido ninguna jornada escolar.<\/p>   <p>La jornada ha terminado, de nuevo, con m\u00e1s ruido que lluvia. El Castell de Guadalest es el punto de la comarca donde, seg\u00fan las estaciones de la Agencia Valenciana de Meteorolog\u00eda (Avamet) m\u00e1s lluvia se ha recogido: hasta 26 litros por metro cuadrado.<\/p>   <p>En el resto de localidades los pluvi\u00f3metros se han movido por debajo de esa cifra: unos 19 litros en Sella, 12 en T\u00e1rbena, cinco en el casco hist\u00f3rico de Finestrat o tres en su cala. Los bomberos del Consorcio Provincial no han notificado ninguna incidencia relacionada con las precipitaciones en toda la provincia de Alicante.<\/p>   <p>     .c-w{         max-width:444px;         width:100%;         margin:32px auto;      background:#00755E;         border-radius:4px;         display:flex;         align-items:center;         justify-content:center;     }     .c-w a{         display:flex;         align-items:center;         justify-content:center;         padding:4px 24px;     }     .c-w img{         width:24px;         margin-right:12px;     }     .c-w p{         font:18px\/25px Poppins;         text-align:center;         color:#fff;         margin:0;     }     @media (max-width:444px){         .c-w a{             padding:4px 12px;         }         .c-w img{             width:24px;             margin-right:8px;         }         .c-w p{             font:14px\/25px Poppins;         }     }     @media (max-width:335px){         .c-w p{             font:13px\/25px Poppins;         }     }  <div class=\"c-w\">     <a href=\"https:\/\/www.whatsapp.com\/channel\/0029Va633PF9WtC4l7XUzh1e\" rel=\"nofollow\" target=\"_blank\">         <img decoding=\"async\" src=\"https:\/\/cadenaser.com\/estaticos\/recursosgraficos\/responsive\/img\/ico-whatsapp.svg\" alt=\"Whatsapp\">         <p>\u00danete al <b>canal de WhatsApp<\/b> de la SER<\/p>     <\/a> <\/div><\/p> ","protected":false},"excerpt":{"rendered":"<p>Tras dos d\u00edas en preemergencia por las previsiones meteorol\u00f3gicas <\/p>\n","protected":false},"author":0,"featured_media":13388,"comment_status":"open","ping_status":"open","sticky":false,"template":"","format":"standard","meta":{"_acf_changed":false,"footnotes":""},"categories":[1],"tags":[],"class_list":["post-13387","post","type-post","status-publish","format-standard","has-post-thumbnail","hentry","category-sin-categoria"],"acf":{"ser_id":"OMWSZF5URBEVFMD5YJ6ZNI4BSA","ser_url":"https:\/\/cadenaser.com\/comunitat-valenciana\/2025\/03\/05\/todos-los-alumnos-de-la-marina-baixa-vuelven-a-clase-este-jueves-radio-benidorm\/"},"_links":{"self":[{"href":"https:\/\/serbenidorm.daliisolutions.com\/index.php\/wp-json\/wp\/v2\/posts\/13387","targetHints":{"allow":["GET"]}}],"collection":[{"href":"https:\/\/serbenidorm.daliisolutions.com\/index.php\/wp-json\/wp\/v2\/posts"}],"about":[{"href":"https:\/\/serbenidorm.daliisolutions.com\/index.php\/wp-json\/wp\/v2\/types\/post"}],"replies":[{"embeddable":true,"href":"https:\/\/serbenidorm.daliisolutions.com\/index.php\/wp-json\/wp\/v2\/comments?post=13387"}],"version-history":[{"count":0,"href":"https:\/\/serbenidorm.daliisolutions.com\/index.php\/wp-json\/wp\/v2\/posts\/13387\/revisions"}],"wp:featuredmedia":[{"embeddable":true,"href":"https:\/\/serbenidorm.daliisolutions.com\/index.php\/wp-json\/wp\/v2\/media\/13388"}],"wp:attachment":[{"href":"https:\/\/serbenidorm.daliisolutions.com\/index.php\/wp-json\/wp\/v2\/media?parent=13387"}],"wp:term":[{"taxonomy":"category","embeddable":true,"href":"https:\/\/serbenidorm.daliisolutions.com\/index.php\/wp-json\/wp\/v2\/categories?post=13387"},{"taxonomy":"post_tag","embeddable":true,"href":"https:\/\/serbenidorm.daliisolutions.com\/index.php\/wp-json\/wp\/v2\/tags?post=13387"}],"curies":[{"name":"wp","href":"https:\/\/api.w.org\/{rel}","templated":true}]}}