{"id":13389,"date":"2025-03-06T10:55:20","date_gmt":"2025-03-06T09:55:20","guid":{"rendered":"https:\/\/serbenidorm.daliisolutions.com\/index.php\/2025\/03\/06\/la-policia-desmantela-seis-puntos-de-venta-de-droga-en-benidorm-lalfas-y-la-nucia\/"},"modified":"2025-03-06T10:55:20","modified_gmt":"2025-03-06T09:55:20","slug":"la-policia-desmantela-seis-puntos-de-venta-de-droga-en-benidorm-lalfas-y-la-nucia","status":"publish","type":"post","link":"https:\/\/serbenidorm.daliisolutions.com\/index.php\/2025\/03\/06\/la-policia-desmantela-seis-puntos-de-venta-de-droga-en-benidorm-lalfas-y-la-nucia\/","title":{"rendered":"La Polic\u00eda desmantela seis puntos de venta de droga en Benidorm, l&#8217;Alf\u00e0s y La Nuc\u00eda"},"content":{"rendered":"  <p><div data-adtype=\"MLDB\"><\/div><\/p>   <p>Benidorm<\/p>   <p>Golpe al tr\u00e1fico de drogas en la Marina Baixa. La Polic\u00eda Nacional ha desmantelado simult\u00e1neamente seis puntos de venta de coca\u00edna y hero\u00edna repartidos entre Benidorm, l&#8217;Alf\u00e0s del Pi y una partida rural de la Nuc\u00eda. <\/p>   <p>La operaci\u00f3n, seg\u00fan ha informado el cuerpo, ha culminado con la detenci\u00f3n de 20 personas entre hombres y mujeres de diferentes edades y nacionalidades.<\/p>   <p>El principal investigado es acusado adem\u00e1s de un delito de maltrato animal al haberse descubierto en su vivienda un palenque de hormig\u00f3n destinado a la celebraci\u00f3n de peleas de gallos, con signos evidentes de recientes peleas, as\u00ed como 15 gallos de pelea vivos y otros dos muertos, uno de los cuales aparec\u00eda colgado de un pino que hab\u00eda en la finca.<\/p>  <p><p>M\u00e1s informaci\u00f3n<\/p><figure><img loading=\"lazy\" decoding=\"async\" src=\"https:\/\/cadenaser.com\/resizer\/v2\/QUHDYDXAJZJJNE2WWJ6EMHFFSM.jpg?auth=f713948656e9474c2ec0e0e509db4ad38c2576c24f301f8f8830e8728bef178e&amp;quality=70&amp;width=360&amp;height=202&amp;smart=true\" width=\"820\" height=\"621\" \/><\/figure><ul><li><a href=\"https:\/\/cadenaser.com\/comunitat-valenciana\/2025\/03\/03\/juzgan-a-un-auxiliar-por-abusar-sexualmente-de-un-paciente-en-un-hospital-de-benidorm-radio-benidorm\/\"><span>Juzgan a un auxiliar por abusar sexualmente de un paciente en un hospital de Benidorm<\/span><\/a><\/li><\/ul><\/p>   <p>La organizaci\u00f3n se nutr\u00eda de consumidores habituales que adquir\u00edan las dosis de droga intercambi\u00e1ndola por objetos robados: <a href=\"https:\/\/cadenaser.com\/tag\/comarca_la_marina_baixa\/a\/\" target=\"_blank\">desde tel\u00e9fonos m\u00f3viles, patinetes el\u00e9ctricos o bicicletas hasta una motocicleta y un turismo<\/a>.<\/p>   <p>Se han incautado m\u00e1s de de 246 gramos de coca\u00edna, 39 de hach\u00eds, 101 plantas de marihuana y 3.295 euros, adem\u00e1s de gran cantidad de los efectos provenientes de los intercambios, algunos de los cuales ha podido ser devuelto a sus propietarios.<\/p>   <p>     .c-w{         max-width:444px;         width:100%;         margin:32px auto;      background:#00755E;         border-radius:4px;         display:flex;         align-items:center;         justify-content:center;     }     .c-w a{         display:flex;         align-items:center;         justify-content:center;         padding:4px 24px;     }     .c-w img{         width:24px;         margin-right:12px;     }     .c-w p{         font:18px\/25px Poppins;         text-align:center;         color:#fff;         margin:0;     }     @media (max-width:444px){         .c-w a{             padding:4px 12px;         }         .c-w img{             width:24px;             margin-right:8px;         }         .c-w p{             font:14px\/25px Poppins;         }     }     @media (max-width:335px){         .c-w p{             font:13px\/25px Poppins;         }     }  <div class=\"c-w\">     <a href=\"https:\/\/www.whatsapp.com\/channel\/0029Va633PF9WtC4l7XUzh1e\" rel=\"nofollow\" target=\"_blank\">         <img decoding=\"async\" src=\"https:\/\/cadenaser.com\/estaticos\/recursosgraficos\/responsive\/img\/ico-whatsapp.svg\" alt=\"Whatsapp\">         <p>\u00danete al <b>canal de WhatsApp<\/b> de la SER<\/p>     <\/a> <\/div><\/p> ","protected":false},"excerpt":{"rendered":"<p>Hay 20 detenidos por el menudeo de coca\u00edna y hero\u00edna<\/p>\n","protected":false},"author":0,"featured_media":13390,"comment_status":"open","ping_status":"open","sticky":false,"template":"","format":"standard","meta":{"_acf_changed":false,"footnotes":""},"categories":[1],"tags":[],"class_list":["post-13389","post","type-post","status-publish","format-standard","has-post-thumbnail","hentry","category-sin-categoria"],"acf":{"ser_id":"Z6CFLODPBJGAPERRBNP4ZATKGU","ser_url":"https:\/\/cadenaser.com\/comunitat-valenciana\/2025\/03\/06\/la-policia-desmantela-seis-puntos-de-venta-de-droga-en-benidorm-lalfas-y-la-nucia-radio-benidorm\/"},"_links":{"self":[{"href":"https:\/\/serbenidorm.daliisolutions.com\/index.php\/wp-json\/wp\/v2\/posts\/13389","targetHints":{"allow":["GET"]}}],"collection":[{"href":"https:\/\/serbenidorm.daliisolutions.com\/index.php\/wp-json\/wp\/v2\/posts"}],"about":[{"href":"https:\/\/serbenidorm.daliisolutions.com\/index.php\/wp-json\/wp\/v2\/types\/post"}],"replies":[{"embeddable":true,"href":"https:\/\/serbenidorm.daliisolutions.com\/index.php\/wp-json\/wp\/v2\/comments?post=13389"}],"version-history":[{"count":0,"href":"https:\/\/serbenidorm.daliisolutions.com\/index.php\/wp-json\/wp\/v2\/posts\/13389\/revisions"}],"wp:featuredmedia":[{"embeddable":true,"href":"https:\/\/serbenidorm.daliisolutions.com\/index.php\/wp-json\/wp\/v2\/media\/13390"}],"wp:attachment":[{"href":"https:\/\/serbenidorm.daliisolutions.com\/index.php\/wp-json\/wp\/v2\/media?parent=13389"}],"wp:term":[{"taxonomy":"category","embeddable":true,"href":"https:\/\/serbenidorm.daliisolutions.com\/index.php\/wp-json\/wp\/v2\/categories?post=13389"},{"taxonomy":"post_tag","embeddable":true,"href":"https:\/\/serbenidorm.daliisolutions.com\/index.php\/wp-json\/wp\/v2\/tags?post=13389"}],"curies":[{"name":"wp","href":"https:\/\/api.w.org\/{rel}","templated":true}]}}