{"id":13391,"date":"2025-03-06T11:50:59","date_gmt":"2025-03-06T10:50:59","guid":{"rendered":"https:\/\/serbenidorm.daliisolutions.com\/index.php\/2025\/03\/06\/el-servigroup-hoteles-benidorm-se-estrella-en-alcobendas-y-esta-fuera-de-la-copa\/"},"modified":"2025-03-06T11:50:59","modified_gmt":"2025-03-06T10:50:59","slug":"el-servigroup-hoteles-benidorm-se-estrella-en-alcobendas-y-esta-fuera-de-la-copa","status":"publish","type":"post","link":"https:\/\/serbenidorm.daliisolutions.com\/index.php\/2025\/03\/06\/el-servigroup-hoteles-benidorm-se-estrella-en-alcobendas-y-esta-fuera-de-la-copa\/","title":{"rendered":"El Servigroup Hoteles Benidorm se estrella en Alcobendas y est\u00e1 fuera de la Copa"},"content":{"rendered":"  <p><div data-adtype=\"MLDB\"><\/div><\/p>   <p>Benidorm<\/p>   <p>El Servigroup Hoteles Benidorm viajaba bajo aviso a Alcobendas para afrontar la segunda ronda de la Copa del Rey de balonmano. Pese a la diferencia de categor\u00eda, el equipo local ven\u00eda de dejar en la cuneta al Anaitasuna en la primera ronda y, por lo tanto, hab\u00eda dado muestras ya de su condici\u00f3n de \u2018matagigantes\u2019 de la competici\u00f3n.<\/p>   <p>Por lo tanto, y teniendo en cuenta el mal momento que est\u00e1 atravesando el equipo de Sergio Carballeira, se pod\u00eda prever un encuentro igualado\u2026 pero lo visto en la cancha madrile\u00f1a fue cualquier cosa menos eso. De hecho, en todo momento dio la sensaci\u00f3n de que el equipo de categor\u00eda superior fuera el Alcobendas, que hizo lo que quiso y cuando quiso con un Servigroup Hoteles Benidorm que no s\u00f3lo se vio superado en el marcador (36-28), sino que dej\u00f3 una imagen que va mucho m\u00e1s all\u00e1 de lo preocupante de cara a lo que est\u00e1 por venir en la Liga Asobal.<\/p>   <p>Nada de lo visto en Alcobendas invita a cualquier otra cosa que no sea el pesimismo m\u00e1s absoluto y lo peor de todo es que, si a las bajas se le une la aparente apat\u00eda que mostr\u00f3 buena parte del equipo (sobre todo en la primera parte) en el 40&#215;20, el objetivo de la salvaci\u00f3n se presenta ahora mismo casi como una quimera.<\/p>   <p>En ese sentido, las palabras de Sergio Carballeira, visiblemente molesto, reflejan de manera muy clara lo sucedido en Alcobendas: \u201cno afrontamos el partido como se merec\u00eda. Entramos muy fr\u00edos. Sin alma, sin esp\u00edritu. Nos cost\u00f3 much\u00edsimo ser un equipo, estar intensos e igualar las ganas que estaba poniendo Alcobendas\u201d para concluir con lo m\u00e1s evidente y doloroso: \u201cen la primera parte, tiramos la eliminatoria\u201d.<\/p> ","protected":false},"excerpt":{"rendered":"<p>Ni el resultado ni el juego invitan al optimismo de cara al futuro del equipo en la Liga Asobal<\/p>\n","protected":false},"author":0,"featured_media":13392,"comment_status":"open","ping_status":"open","sticky":false,"template":"","format":"standard","meta":{"_acf_changed":false,"footnotes":""},"categories":[16],"tags":[],"class_list":["post-13391","post","type-post","status-publish","format-standard","has-post-thumbnail","hentry","category-deportes"],"acf":{"ser_id":"FNCLJDBO2RE3ZAGMINL5IPLQEY","ser_url":"https:\/\/cadenaser.com\/comunitat-valenciana\/2025\/03\/06\/el-servigroup-hoteles-benidorm-se-estrella-en-alcobendas-y-esta-fuera-de-la-copa-radio-benidorm\/"},"_links":{"self":[{"href":"https:\/\/serbenidorm.daliisolutions.com\/index.php\/wp-json\/wp\/v2\/posts\/13391","targetHints":{"allow":["GET"]}}],"collection":[{"href":"https:\/\/serbenidorm.daliisolutions.com\/index.php\/wp-json\/wp\/v2\/posts"}],"about":[{"href":"https:\/\/serbenidorm.daliisolutions.com\/index.php\/wp-json\/wp\/v2\/types\/post"}],"replies":[{"embeddable":true,"href":"https:\/\/serbenidorm.daliisolutions.com\/index.php\/wp-json\/wp\/v2\/comments?post=13391"}],"version-history":[{"count":0,"href":"https:\/\/serbenidorm.daliisolutions.com\/index.php\/wp-json\/wp\/v2\/posts\/13391\/revisions"}],"wp:featuredmedia":[{"embeddable":true,"href":"https:\/\/serbenidorm.daliisolutions.com\/index.php\/wp-json\/wp\/v2\/media\/13392"}],"wp:attachment":[{"href":"https:\/\/serbenidorm.daliisolutions.com\/index.php\/wp-json\/wp\/v2\/media?parent=13391"}],"wp:term":[{"taxonomy":"category","embeddable":true,"href":"https:\/\/serbenidorm.daliisolutions.com\/index.php\/wp-json\/wp\/v2\/categories?post=13391"},{"taxonomy":"post_tag","embeddable":true,"href":"https:\/\/serbenidorm.daliisolutions.com\/index.php\/wp-json\/wp\/v2\/tags?post=13391"}],"curies":[{"name":"wp","href":"https:\/\/api.w.org\/{rel}","templated":true}]}}