{"id":13393,"date":"2025-03-06T13:42:18","date_gmt":"2025-03-06T12:42:18","guid":{"rendered":"https:\/\/serbenidorm.daliisolutions.com\/index.php\/2025\/03\/06\/el-castellano-gana-la-consulta-de-la-lengua-base-en-benidorm-y-el-valenciano-en-la-marina-baixa\/"},"modified":"2025-03-06T13:42:18","modified_gmt":"2025-03-06T12:42:18","slug":"el-castellano-gana-la-consulta-de-la-lengua-base-en-benidorm-y-el-valenciano-en-la-marina-baixa","status":"publish","type":"post","link":"https:\/\/serbenidorm.daliisolutions.com\/index.php\/2025\/03\/06\/el-castellano-gana-la-consulta-de-la-lengua-base-en-benidorm-y-el-valenciano-en-la-marina-baixa\/","title":{"rendered":"El castellano gana la consulta de la lengua base en Benidorm y el valenciano en la Marina Baixa"},"content":{"rendered":"  <p><div data-adtype=\"MLDB\"><\/div><\/p>   <p>Benidorm<\/p>   <p>La consulta sobre la lengua base de la educaci\u00f3n en los colegios e institutos de la Comunitat Valenciana ha reflejado un resultado ajustado a nivel auton\u00f3mico, con un 50,53% de los votos a favor del valenciano y un 49,47% por el castellano.<\/p>   <p>Sin embargo, <a href=\"https:\/\/cadenaser.com\/tag\/comarca_la_marina_baixa\/a\/\" target=\"_blank\">en la Marina Baixa el apoyo al valenciano ha superado en 14 puntos al castellano<\/a> siendo la cuarta de las nueve comarcas de Alicante con mayor porcentaje de elecci\u00f3n de esta lengua como vehicular; en concreto un 57,26 % al valenciano (5.997 votos) frente al 42,74 % del castellano (4.476 votos).<\/p>   <p>Por contra, <a href=\"https:\/\/cadenaser.com\/tag\/benidorm\/a\/\" target=\"_blank\">en Benidorm el espa\u00f1ol ha sido la lengua m\u00e1s elegida por las familias con m\u00e1s de 1.900 votos, aproximadamente un 53 %, frente a los casi 1.700 del valenciano, un 47 %<\/a>. La capital tur\u00edstica es, a\u00fan as\u00ed, la tercera gran ciudad de la provincia con m\u00e1s votos al valenciano solo por detr\u00e1s de Alcoy y Denia.<\/p> ","protected":false},"excerpt":{"rendered":"<p>Es la cuarta de las nueve comarcas de Alicante donde m\u00e1s se ha votado por el valenciano como lengua vehicular<\/p>\n","protected":false},"author":0,"featured_media":13394,"comment_status":"open","ping_status":"open","sticky":false,"template":"","format":"standard","meta":{"_acf_changed":false,"footnotes":""},"categories":[1],"tags":[],"class_list":["post-13393","post","type-post","status-publish","format-standard","has-post-thumbnail","hentry","category-sin-categoria"],"acf":{"ser_id":"QKQTUTZLSNEL3BZULYPRU4PSTY","ser_url":"https:\/\/cadenaser.com\/comunitat-valenciana\/2025\/03\/06\/el-castellano-gana-la-consulta-de-la-lengua-base-en-benidorm-y-el-valenciano-en-la-marina-baixa-radio-benidorm\/"},"_links":{"self":[{"href":"https:\/\/serbenidorm.daliisolutions.com\/index.php\/wp-json\/wp\/v2\/posts\/13393","targetHints":{"allow":["GET"]}}],"collection":[{"href":"https:\/\/serbenidorm.daliisolutions.com\/index.php\/wp-json\/wp\/v2\/posts"}],"about":[{"href":"https:\/\/serbenidorm.daliisolutions.com\/index.php\/wp-json\/wp\/v2\/types\/post"}],"replies":[{"embeddable":true,"href":"https:\/\/serbenidorm.daliisolutions.com\/index.php\/wp-json\/wp\/v2\/comments?post=13393"}],"version-history":[{"count":0,"href":"https:\/\/serbenidorm.daliisolutions.com\/index.php\/wp-json\/wp\/v2\/posts\/13393\/revisions"}],"wp:featuredmedia":[{"embeddable":true,"href":"https:\/\/serbenidorm.daliisolutions.com\/index.php\/wp-json\/wp\/v2\/media\/13394"}],"wp:attachment":[{"href":"https:\/\/serbenidorm.daliisolutions.com\/index.php\/wp-json\/wp\/v2\/media?parent=13393"}],"wp:term":[{"taxonomy":"category","embeddable":true,"href":"https:\/\/serbenidorm.daliisolutions.com\/index.php\/wp-json\/wp\/v2\/categories?post=13393"},{"taxonomy":"post_tag","embeddable":true,"href":"https:\/\/serbenidorm.daliisolutions.com\/index.php\/wp-json\/wp\/v2\/tags?post=13393"}],"curies":[{"name":"wp","href":"https:\/\/api.w.org\/{rel}","templated":true}]}}