{"id":13395,"date":"2025-03-06T14:34:51","date_gmt":"2025-03-06T13:34:51","guid":{"rendered":"https:\/\/serbenidorm.daliisolutions.com\/index.php\/2025\/03\/06\/entradas-casi-agotadas-para-mostra-de-teatre-de-lalfas-del-pi\/"},"modified":"2025-03-06T14:34:51","modified_gmt":"2025-03-06T13:34:51","slug":"entradas-casi-agotadas-para-mostra-de-teatre-de-lalfas-del-pi","status":"publish","type":"post","link":"https:\/\/serbenidorm.daliisolutions.com\/index.php\/2025\/03\/06\/entradas-casi-agotadas-para-mostra-de-teatre-de-lalfas-del-pi\/","title":{"rendered":"Entradas casi agotadas para Mostra de Teatre de L\u2019Alf\u00e0s del Pi"},"content":{"rendered":"  <p><div data-adtype=\"MLDB\"><\/div><\/p>   <p>L&#8217;Alf\u00e0s del Pi<\/p>   <p>A pocos d\u00edas de comenzar la XXIII Mostra de Teatre de L&#8217;Alf\u00e0s ya est\u00e1n pr\u00e1cticamente vendidas las localidades para la gran mayor\u00eda de representaciones del ciclo de teatro profesional. As\u00ed lo ha confirmado el edil de Cultura, Manuel Casado, a <a href=\"https:\/\/radiobenidorm.es\" target=\"_blank\" rel=\"nofollow\" title=\"https:\/\/radiobenidorm.es\">Hoy por Hoy Benidorm. <\/a><\/p>   <p>Casado asegura que las localidades para funciones como la de Yllana Teatro \u00abse agotaron en pocas horas\u00bb y que incluso \u00abmuchas personas hicieron cola en la Casa de Cultura un d\u00eda antes de que salieran a la venta las entradas\u00bb. <\/p>   <p>Quedan a\u00fan butacas disponibles \u00abaunque no muchas\u00bb, indica Casado, para las representaciones del ciclo de teatro amateur que incluye la Mostra y que arranca este pr\u00f3ximo lunes d\u00eda 10.<\/p>   <p>La XXIII Mostra de Teatre se celebrara del 10 al 15 de marzo en su secci\u00f3n amateur y del 26 al 30 de marzo en su secci\u00f3n de compa\u00f1\u00edas profesionales. Las funciones se escenificar\u00e1n a las 21.00 horas en la Casa de Cultura. <\/p>   <p>La Mostra abrir\u00e1 el ciclo amateur, el lunes 10, el Taller de Teatro de la Asociaci\u00f3n de Amas de Casa con siete obras cortas: \u2018El novio cura\u2019, \u2018De verdad fue sin querer\u2019, \u2018Oficina de empleo\u2019, \u2018Promesa incumplida\u2019, \u2018N\u00fameros rojos\u2019, \u2018D\u00eda de playa\u2019 y \u2018Parada de autob\u00fas\u2019. Le seguir\u00e1n la compa\u00f1\u00eda Lunatando con \u2018Las heridas del viento\u2019; \u2018El laberinto del tiempo\u2019, obra escrita y dirigida por Arlene Iribarren Cobo; <a href=\"https:\/\/cadenaser.com\/comunitat-valenciana\/2025\/03\/05\/ana-maestre-estar-en-la-mostra-de-teatre-de-lalfas-del-pi-es-uno-honor-radio-benidorm\/\" target=\"_blank\" rel=\"nofollow\" title=\"https:\/\/cadenaser.com\/comunitat-valenciana\/2025\/03\/05\/ana-maestre-estar-en-la-mostra-de-teatre-de-lalfas-del-pi-es-uno-honor-radio-benidorm\/\">Arteatro con \u2018Presas\u2019<\/a>; Alp\u00ed Teatre con \u201cEn la Luna\u201d y Mascarat con \u201cMedea\u201d. <\/p>   <p>     .c-w{         max-width:444px;         width:100%;         margin:32px auto;      background:#00755E;         border-radius:4px;         display:flex;         align-items:center;         justify-content:center;     }     .c-w a{         display:flex;         align-items:center;         justify-content:center;         padding:4px 24px;     }     .c-w img{         width:24px;         margin-right:12px;     }     .c-w p{         font:18px\/25px Poppins;         text-align:center;         color:#fff;         margin:0;     }     @media (max-width:444px){         .c-w a{             padding:4px 12px;         }         .c-w img{             width:24px;             margin-right:8px;         }         .c-w p{             font:14px\/25px Poppins;         }     }     @media (max-width:335px){         .c-w p{             font:13px\/25px Poppins;         }     }  <div class=\"c-w\">     <a href=\"https:\/\/www.whatsapp.com\/channel\/0029Va633PF9WtC4l7XUzh1e\" rel=\"nofollow\" target=\"_blank\">         <img decoding=\"async\" src=\"https:\/\/cadenaser.com\/estaticos\/recursosgraficos\/responsive\/img\/ico-whatsapp.svg\" alt=\"Whatsapp\">         <p>\u00danete al <b>canal de WhatsApp<\/b> de la SER<\/p>     <\/a> <\/div><\/p>   <p>El Ciclo de Teatro Profesional dar\u00e1 comienzo el mi\u00e9rcoles 26 de marzo con \u2018Los tacones de pap\u00e1\u2019, obra que dirige el alfasino Juan Luis Iborra junto a Jos\u00e9 Warletta. El jueves 27 de marzo actuar\u00e1 la compa\u00f1\u00eda Yllana con el espect\u00e1culo \u2018Madness\u2019. El viernes 28 la actriz Rosario Pardo con la obra \u2018Los d\u00edas de la nieve\u2019. El s\u00e1bado 29 Silvia Mars\u00f3 y Abel Folk protagonizar\u00e1n \u2018Claveles\u2019 y el domingo 30 se representar\u00e1 \u2018Pl\u00fcvia\u2019 de la compa\u00f1\u00eda \u00dc Producciones. <\/p>   <p>Adem\u00e1s, este a\u00f1o la Mostra rendir\u00e1 homenaje a la actriz <a href=\"https:\/\/cadenaser.com\/comunitat-valenciana\/2025\/02\/25\/silvia-marso-pi-dhonor-de-la-23-mostra-de-teatre-de-lalfas-del-pi-radio-benidorm\/\" target=\"_blank\" rel=\"nofollow\" title=\"https:\/\/cadenaser.com\/comunitat-valenciana\/2025\/02\/25\/silvia-marso-pi-dhonor-de-la-23-mostra-de-teatre-de-lalfas-del-pi-radio-benidorm\/\">Silvia Mars\u00f3 quien recibir\u00e1 el Pi d\u2019Honor, m\u00e1ximo galard\u00f3n del certamen.<\/a> Mars\u00f3, recibir\u00e1 el reconocimiento el s\u00e1bado 29 de marzo, a modo de cierre oficial de la Mostra, tras la representaci\u00f3n de Claveles\u2019, obra que protagoniza junto a Abel Folk. <\/p>   <p> <\/p> ","protected":false},"excerpt":{"rendered":"<p>El teatro profesional agota localidades en muchas representaciones y quedan las \u00faltimas plazas para el teatro amateur<\/p>\n","protected":false},"author":0,"featured_media":13396,"comment_status":"open","ping_status":"open","sticky":false,"template":"","format":"standard","meta":{"_acf_changed":false,"footnotes":""},"categories":[1],"tags":[],"class_list":["post-13395","post","type-post","status-publish","format-standard","has-post-thumbnail","hentry","category-sin-categoria"],"acf":{"ser_id":"CSW6V4BMQBDZDNYFQWMB6SCEIA","ser_url":"https:\/\/cadenaser.com\/comunitat-valenciana\/2025\/03\/06\/entradas-casi-agotadas-para-mostra-de-teatre-de-lalfas-del-pi-radio-benidorm\/"},"_links":{"self":[{"href":"https:\/\/serbenidorm.daliisolutions.com\/index.php\/wp-json\/wp\/v2\/posts\/13395","targetHints":{"allow":["GET"]}}],"collection":[{"href":"https:\/\/serbenidorm.daliisolutions.com\/index.php\/wp-json\/wp\/v2\/posts"}],"about":[{"href":"https:\/\/serbenidorm.daliisolutions.com\/index.php\/wp-json\/wp\/v2\/types\/post"}],"replies":[{"embeddable":true,"href":"https:\/\/serbenidorm.daliisolutions.com\/index.php\/wp-json\/wp\/v2\/comments?post=13395"}],"version-history":[{"count":0,"href":"https:\/\/serbenidorm.daliisolutions.com\/index.php\/wp-json\/wp\/v2\/posts\/13395\/revisions"}],"wp:featuredmedia":[{"embeddable":true,"href":"https:\/\/serbenidorm.daliisolutions.com\/index.php\/wp-json\/wp\/v2\/media\/13396"}],"wp:attachment":[{"href":"https:\/\/serbenidorm.daliisolutions.com\/index.php\/wp-json\/wp\/v2\/media?parent=13395"}],"wp:term":[{"taxonomy":"category","embeddable":true,"href":"https:\/\/serbenidorm.daliisolutions.com\/index.php\/wp-json\/wp\/v2\/categories?post=13395"},{"taxonomy":"post_tag","embeddable":true,"href":"https:\/\/serbenidorm.daliisolutions.com\/index.php\/wp-json\/wp\/v2\/tags?post=13395"}],"curies":[{"name":"wp","href":"https:\/\/api.w.org\/{rel}","templated":true}]}}