{"id":13397,"date":"2025-03-06T14:34:52","date_gmt":"2025-03-06T13:34:52","guid":{"rendered":"https:\/\/serbenidorm.daliisolutions.com\/index.php\/2025\/03\/06\/el-huesitos-la-vila-inicia-este-sabado-el-asalto-definitivo-a-la-permanencia\/"},"modified":"2025-03-06T14:34:52","modified_gmt":"2025-03-06T13:34:52","slug":"el-huesitos-la-vila-inicia-este-sabado-el-asalto-definitivo-a-la-permanencia","status":"publish","type":"post","link":"https:\/\/serbenidorm.daliisolutions.com\/index.php\/2025\/03\/06\/el-huesitos-la-vila-inicia-este-sabado-el-asalto-definitivo-a-la-permanencia\/","title":{"rendered":"El Huesitos-La Vila inicia este s\u00e1bado el asalto definitivo a la permanencia"},"content":{"rendered":"  <p><div data-adtype=\"MLDB\"><\/div><\/p>   <p>Benidorm<\/p>   <p>Tras la disputa de las once primeras jornadas de la Divisi\u00f3n de Honor del rugby nacional, las de la primera fase de la competici\u00f3n, el Huesitos-La Vila afronta ahora las cinco jornadas clave de la temporada, esas en las que el equipo de Hern\u00e1n \u2018Falu\u2019 Quirelli debe de rubricar la permanencia en la m\u00e1xima categor\u00eda.<\/p>   <p>Antes de iniciar esas semanas clave, Alberto Mancebo, Luciano \u2018Nano\u2019 Bortondello y Lucas \u2018Pocho\u2019 Meli\u00e1n pasaron por \u2018SER Deportivos Benidorm\u2019 para mantener una amena conversaci\u00f3n sobre la marcha del XV chocolatero en esta primera ronda liguera y, sobre todo, sobre sus expectativas en lo que est\u00e1 por venir.<\/p>   <p>Adem\u00e1s, tambi\u00e9n se abordaron temas como el \u2018maltrato\u2019 al que el propio calendario competitivo somete al rugby y al resurgir del propio Club de Rugby La Vila que, en apenas a\u00f1o y media, ha pasado de una situaci\u00f3n de \u2018derribo\u2019 a mirar al futuro con much\u00edsimas esperanzas de reverdecer viejos laureles.<\/p> ","protected":false},"excerpt":{"rendered":"<p>El Club de Rugby La Vila se conjura no s\u00f3lo para crecer con su primer equipo, sino para afianzar la recuperaci\u00f3n institucional de la entidad<\/p>\n","protected":false},"author":0,"featured_media":13398,"comment_status":"open","ping_status":"open","sticky":false,"template":"","format":"standard","meta":{"_acf_changed":false,"footnotes":""},"categories":[16],"tags":[],"class_list":["post-13397","post","type-post","status-publish","format-standard","has-post-thumbnail","hentry","category-deportes"],"acf":{"ser_id":"FRTOWXAMD5GHLC4XXAHWERPN74","ser_url":"https:\/\/cadenaser.com\/comunitat-valenciana\/2025\/03\/06\/el-huesitos-la-vila-inicia-este-sabado-el-asalto-definitivo-a-la-permanencia-radio-benidorm\/"},"_links":{"self":[{"href":"https:\/\/serbenidorm.daliisolutions.com\/index.php\/wp-json\/wp\/v2\/posts\/13397","targetHints":{"allow":["GET"]}}],"collection":[{"href":"https:\/\/serbenidorm.daliisolutions.com\/index.php\/wp-json\/wp\/v2\/posts"}],"about":[{"href":"https:\/\/serbenidorm.daliisolutions.com\/index.php\/wp-json\/wp\/v2\/types\/post"}],"replies":[{"embeddable":true,"href":"https:\/\/serbenidorm.daliisolutions.com\/index.php\/wp-json\/wp\/v2\/comments?post=13397"}],"version-history":[{"count":0,"href":"https:\/\/serbenidorm.daliisolutions.com\/index.php\/wp-json\/wp\/v2\/posts\/13397\/revisions"}],"wp:featuredmedia":[{"embeddable":true,"href":"https:\/\/serbenidorm.daliisolutions.com\/index.php\/wp-json\/wp\/v2\/media\/13398"}],"wp:attachment":[{"href":"https:\/\/serbenidorm.daliisolutions.com\/index.php\/wp-json\/wp\/v2\/media?parent=13397"}],"wp:term":[{"taxonomy":"category","embeddable":true,"href":"https:\/\/serbenidorm.daliisolutions.com\/index.php\/wp-json\/wp\/v2\/categories?post=13397"},{"taxonomy":"post_tag","embeddable":true,"href":"https:\/\/serbenidorm.daliisolutions.com\/index.php\/wp-json\/wp\/v2\/tags?post=13397"}],"curies":[{"name":"wp","href":"https:\/\/api.w.org\/{rel}","templated":true}]}}