{"id":13399,"date":"2025-03-06T19:22:48","date_gmt":"2025-03-06T18:22:48","guid":{"rendered":"https:\/\/serbenidorm.daliisolutions.com\/index.php\/2025\/03\/06\/800-viviendas-de-la-provincia-de-alicante-dadas-de-baja-del-registro-de-turismo-por-carecer-de-nif\/"},"modified":"2025-03-06T19:22:48","modified_gmt":"2025-03-06T18:22:48","slug":"800-viviendas-de-la-provincia-de-alicante-dadas-de-baja-del-registro-de-turismo-por-carecer-de-nif","status":"publish","type":"post","link":"https:\/\/serbenidorm.daliisolutions.com\/index.php\/2025\/03\/06\/800-viviendas-de-la-provincia-de-alicante-dadas-de-baja-del-registro-de-turismo-por-carecer-de-nif\/","title":{"rendered":"800 viviendas de la provincia de Alicante, dadas de baja del Registro de Turismo por carecer de NIF"},"content":{"rendered":"  <p><div data-adtype=\"MLDB\"><\/div><\/p>   <p>Alicante<\/p>   <p>El Registro de Turismo ha eliminado las primeras 886 viviendas de uso tur\u00edstico sin documentaci\u00f3n esencial, 800 de ellas de la provincia de Alicante, dentro del proceso de actualizaci\u00f3n de las 101.200 viviendas que hab\u00eda a diciembre de 2024.<\/p>   <p>El motivo de salida del Registro es por carecer de NIF\/NIE, por lo que se ha tramitado su baja, y el proceso avanzar\u00e1 ahora con las viviendas que no cuenten con referencia catastral.<\/p>   <p>Por provincias, son 803 viviendas que se han dado de baja en Alicante, 55 en la de Castell\u00f3n y 28 en Valencia, seg\u00fan ha informado la consellera de Turismo, Mari\u00e1n Cano, quien ha se\u00f1alado que se trata de una primera fase de un proceso \u00abminucioso\u00bb que afecta a unas 34.000 viviendas tur\u00edsticas.<\/p>   <p><div><div id=\"player-1741193873843\" class=\"c-player-audio\"><button class=\"bt-play\" data-audioid=\"1741193873843\" data-type=\"aod\" data-accountname=\"playser\"><\/button><div class=\"c-copiado\"><p>El c\u00f3digo iframe se ha copiado en el portapapeles<\/p><\/div><div class=\"d-audio\"><p class=\"tit\">Mari\u00e1n Cano, consellera de Turismo GVA, sobre la eliminaci\u00f3n de viviendas tur\u00edsticas en el Registro<\/p><div class=\"b-pro\"><span class=\"progreso\"><\/span><\/div><div class=\"c-times\"><span class=\"t-progreso\">00:00:00<\/span><span class=\"t-total-audio\">00:31<\/span><\/div><\/div><button class=\"bt-op\"><\/button><div class=\"c-opciones c-comun\"><a href=\"https:\/\/prisa-es.mc.tritondigital.com\/SER_RADIO_ALICANTE_HORA_14\/media\/mcv\/playser\/multimedia\/20250305\/4371823_165913_audio_128.mp3?dist=cadenaser-web-tfp-permanente&amp;csegid=22000&amp;dl=1\" class=\"bt-down\">Descargar<\/a><button class=\"bt-share\">Compartir<\/button><button class=\"bt-close\">Cerrar<\/button><\/div><div class=\"c-opciones c-share\"><button class=\"bt-fb\" data-ssnn=\"facebook\" data-url=\"https:\/\/cadenaser.com\/comunitat-valenciana\/2025\/03\/05\/800-viviendas-de-la-provincia-de-alicante-dadas-de-baja-del-registro-de-turismo-por-carecer-de-nif-radio-alicante\/\" data-title=\"Mari\u00e1n Cano, consellera de Turismo GVA, sobre la eliminaci\u00f3n de viviendas tur\u00edsticas en el Registro\">Facebook<\/button><button class=\"bt-tw\" data-ssnn=\"twitter\" data-url=\"https:\/\/cadenaser.com\/comunitat-valenciana\/2025\/03\/05\/800-viviendas-de-la-provincia-de-alicante-dadas-de-baja-del-registro-de-turismo-por-carecer-de-nif-radio-alicante\/\" data-title=\"Mari\u00e1n Cano, consellera de Turismo GVA, sobre la eliminaci\u00f3n de viviendas tur\u00edsticas en el Registro\">Twitter<\/button><button class=\"bt-li\" data-ssnn=\"linkedin\" data-url=\"https:\/\/cadenaser.com\/comunitat-valenciana\/2025\/03\/05\/800-viviendas-de-la-provincia-de-alicante-dadas-de-baja-del-registro-de-turismo-por-carecer-de-nif-radio-alicante\/\" data-title=\"Mari\u00e1n Cano, consellera de Turismo GVA, sobre la eliminaci\u00f3n de viviendas tur\u00edsticas en el Registro\">Linkedin<\/button><button class=\"bt-wh\" data-ssnn=\"whatsapp\" data-url=\"https:\/\/cadenaser.com\/comunitat-valenciana\/2025\/03\/05\/800-viviendas-de-la-provincia-de-alicante-dadas-de-baja-del-registro-de-turismo-por-carecer-de-nif-radio-alicante\/\" data-title=\"Mari\u00e1n Cano, consellera de Turismo GVA, sobre la eliminaci\u00f3n de viviendas tur\u00edsticas en el Registro\">WhatsApp<\/button><button class=\"bt-close\">Cerrar<\/button><\/div><\/div><\/div><\/p>   <p>La mayor\u00eda de las que se han eliminado en la provincia corresponden a Benidorm, aunque tambi\u00e9n hay una buena parte ubicada en Orihuela, Denia, Altea y l&#8217;Alf\u00e0s del Pi, incluso en Tabarca y la propia capital de Alicante.<\/p>   <p><p>M\u00e1s informaci\u00f3n<\/p><ul><li><a href=\"https:\/\/cadenaser.com\/comunitat-valenciana\/2024\/08\/07\/publicado-el-nuevo-decreto-sobre-viviendas-turisticas-en-la-comunitat-valenciana-estas-son-las-novedades-radio-valencia\/\"><span>Publicado el nuevo decreto sobre viviendas tur\u00edsticas en la Comunitat Valenciana: estas son las novedades<\/span><\/a><\/li><li><a href=\"https:\/\/cadenaser.com\/comunitat-valenciana\/2024\/12\/02\/alicante-aplicara-una-moratoria-de-dos-anos-a-las-licencias-de-apartamentos-turisticos-radio-alicante\/\"><span>Alicante aplicar\u00e1 una moratoria de dos a\u00f1os a las licencias de apartamentos tur\u00edsticos<\/span><\/a><\/li><li><a href=\"https:\/\/cadenaser.com\/comunitat-valenciana\/2024\/10\/22\/alicante-puede-duplicar-los-apartamentos-turisticos-legales-pero-la-oposicion-critica-que-no-se-hable-de-los-ilegales-radio-alicante\/\"><span>Alicante puede duplicar los apartamentos tur\u00edsticos legales, pero la oposici\u00f3n critica que no se hable de los ilegales<\/span><\/a><\/li><li><a href=\"https:\/\/cadenaser.com\/comunitat-valenciana\/2024\/09\/20\/alicante-levanta-50-expedientes-de-suspension-de-actividad-en-apartamentos-turisticos-ilegales-radio-alicante\/\"><span>Alicante levanta 50 expedientes de suspensi\u00f3n de actividad en apartamentos tur\u00edsticos ilegales<\/span><\/a><\/li><\/ul><\/p>   <p>El Registro de Turismo tiene como principal finalidad proporcionar una herramienta de conocimiento del sector tur\u00edstico, permitiendo a la administraci\u00f3n llevar a cabo actividades de ordenaci\u00f3n, inspecci\u00f3n, control, verificaci\u00f3n, programaci\u00f3n y planificaci\u00f3n.<\/p>   <p>     .c-w{         max-width:444px;         width:100%;         margin:32px auto;      background:#00755E;         border-radius:4px;         display:flex;         align-items:center;         justify-content:center;     }     .c-w a{         display:flex;         align-items:center;         justify-content:center;         padding:4px 24px;     }     .c-w img{         width:24px;         margin-right:12px;     }     .c-w p{         font:18px\/25px Poppins;         text-align:center;         color:#fff;         margin:0;     }     @media (max-width:444px){         .c-w a{             padding:4px 12px;         }         .c-w img{             width:24px;             margin-right:8px;         }         .c-w p{             font:14px\/25px Poppins;         }     }     @media (max-width:335px){         .c-w p{             font:13px\/25px Poppins;         }     }  <div class=\"c-w\">     <a href=\"https:\/\/www.whatsapp.com\/channel\/0029Va633PF9WtC4l7XUzh1e\" rel=\"nofollow\" target=\"_blank\">         <img decoding=\"async\" src=\"https:\/\/cadenaser.com\/estaticos\/recursosgraficos\/responsive\/img\/ico-whatsapp.svg\" alt=\"Whatsapp\">         <p>\u00danete al <b>canal de WhatsApp<\/b> de la SER<\/p>     <\/a> <\/div><\/p>   <p>Actualizaci\u00f3n de datos esenciales, clave para este proceso<\/p>   <p>Desde la Direcci\u00f3n General de Turismo, se ha identificado la necesidad de actualizar los datos esenciales de las viviendas de uso tur\u00edstico para realizar gestiones adecuadas, ya que la falta de informaci\u00f3n clave, como el n\u00famero de identificaci\u00f3n fiscal, el tel\u00e9fono y el correo electr\u00f3nico de los titulares, est\u00e1 dificultando las notificaciones electr\u00f3nicas y la tramitaci\u00f3n de los procedimientos.<\/p>   <p>La relaci\u00f3n de las personas titulares de actividades tur\u00edsticas con ese registro es exclusivamente electr\u00f3nica, de conformidad con la Ley 15\/2018, de Turismo, Ocio y Hospitalidad y de ah\u00ed la necesidad de completar los datos esenciales para su adecuada gesti\u00f3n procedimental.<\/p>   <p>El proceso de cancelaci\u00f3n de la inscripci\u00f3n en el Registro se inici\u00f3 con la publicaci\u00f3n, el pasado 28 de enero, del acuerdo de inicio del procedimiento en el Diari Oficial de la Generalitat Valenciana. Mediante \u00e9ste se concedi\u00f3 un plazo de diez d\u00edas h\u00e1biles para que los titulares de las viviendas pudieran presentar alegaciones y completar la informaci\u00f3n requerida.<\/p> ","protected":false},"excerpt":{"rendered":"<p>Son las primeras, de la primera fase de un proceso que afecta a unos 34.000 pisos tur\u00edsticos en toda la Comunitat<\/p>\n","protected":false},"author":0,"featured_media":13400,"comment_status":"open","ping_status":"open","sticky":false,"template":"","format":"standard","meta":{"_acf_changed":false,"footnotes":""},"categories":[1],"tags":[],"class_list":["post-13399","post","type-post","status-publish","format-standard","has-post-thumbnail","hentry","category-sin-categoria"],"acf":{"ser_id":"GGYJLHVUPBGEFM2ATWAD44RFQ4","ser_url":"https:\/\/cadenaser.com\/comunitat-valenciana\/2025\/03\/05\/800-viviendas-de-la-provincia-de-alicante-dadas-de-baja-del-registro-de-turismo-por-carecer-de-nif-radio-alicante\/"},"_links":{"self":[{"href":"https:\/\/serbenidorm.daliisolutions.com\/index.php\/wp-json\/wp\/v2\/posts\/13399","targetHints":{"allow":["GET"]}}],"collection":[{"href":"https:\/\/serbenidorm.daliisolutions.com\/index.php\/wp-json\/wp\/v2\/posts"}],"about":[{"href":"https:\/\/serbenidorm.daliisolutions.com\/index.php\/wp-json\/wp\/v2\/types\/post"}],"replies":[{"embeddable":true,"href":"https:\/\/serbenidorm.daliisolutions.com\/index.php\/wp-json\/wp\/v2\/comments?post=13399"}],"version-history":[{"count":0,"href":"https:\/\/serbenidorm.daliisolutions.com\/index.php\/wp-json\/wp\/v2\/posts\/13399\/revisions"}],"wp:featuredmedia":[{"embeddable":true,"href":"https:\/\/serbenidorm.daliisolutions.com\/index.php\/wp-json\/wp\/v2\/media\/13400"}],"wp:attachment":[{"href":"https:\/\/serbenidorm.daliisolutions.com\/index.php\/wp-json\/wp\/v2\/media?parent=13399"}],"wp:term":[{"taxonomy":"category","embeddable":true,"href":"https:\/\/serbenidorm.daliisolutions.com\/index.php\/wp-json\/wp\/v2\/categories?post=13399"},{"taxonomy":"post_tag","embeddable":true,"href":"https:\/\/serbenidorm.daliisolutions.com\/index.php\/wp-json\/wp\/v2\/tags?post=13399"}],"curies":[{"name":"wp","href":"https:\/\/api.w.org\/{rel}","templated":true}]}}