{"id":13401,"date":"2025-03-06T20:00:30","date_gmt":"2025-03-06T19:00:30","guid":{"rendered":"https:\/\/serbenidorm.daliisolutions.com\/index.php\/2025\/03\/06\/recuerdos-de-benidorm-y-la-sal-bertele-cumple-80-anos\/"},"modified":"2025-03-06T20:00:30","modified_gmt":"2025-03-06T19:00:30","slug":"recuerdos-de-benidorm-y-la-sal-bertele-cumple-80-anos","status":"publish","type":"post","link":"https:\/\/serbenidorm.daliisolutions.com\/index.php\/2025\/03\/06\/recuerdos-de-benidorm-y-la-sal-bertele-cumple-80-anos\/","title":{"rendered":"Recuerdos de Benidorm y &#8216;La Sal&#8217;: B\u00e9rtele cumple 80 a\u00f1os"},"content":{"rendered":"  <p><div data-adtype=\"MLDB\"><\/div><\/p>   <p>Benidorm<\/p>   <p>B\u00e9rtele pis\u00f3 por primera vez Espa\u00f1a y en concreto Altea y Benidorm en mayo de 1963 en un viaje junto a tres amigos. Su nombre es Albert K\u00e1iser Weber y lleva ligado desde entonces a nuestra comarca y, en concreto, a uno de los iconos del ocio nocturno de la capital tur\u00edstica: <a href=\"https:\/\/cadenaser.com\/tag\/benidorm\/a\/\" target=\"_blank\">el pub &#8216;La Sal&#8217;<\/a>.<\/p>   <p>Pero para llegar hasta esta historia hay que pasar antes por Cecilia, su mujer, a la que conoci\u00f3 en 1984 cuando ella trabajaba en la oficina y \u00e9l era el director del parque de atracciones de la avenida de Europa.<\/p>  <p><p>M\u00e1s informaci\u00f3n<\/p><figure><img loading=\"lazy\" decoding=\"async\" src=\"https:\/\/cadenaser.com\/resizer\/v2\/SF43BJKS7VGTBIB547M2CYFBXQ.jpeg?auth=625687dc1aae9fa153ee034098e644e95d9e1e9989c9d52a0f783ac11040019c&amp;quality=70&amp;width=360&amp;height=202&amp;smart=true\" width=\"820\" height=\"621\" \/><\/figure><ul><li><a href=\"https:\/\/cadenaser.com\/comunitat-valenciana\/2024\/11\/21\/amparo-cumple-104-anos-la-receta-de-una-de-las-vecinas-mas-longevas-de-benidorm-radio-benidorm\/\"><span>Amparo cumple 104 a\u00f1os: la receta de una de las vecinas m\u00e1s longevas de Benidorm<\/span><\/a><\/li><\/ul><\/p>   <p>A solo un d\u00eda de celebrar su 80 cumplea\u00f1os B\u00e9rtele, apodado \u201cel suavo\u201d por su origen alem\u00e1n, ha compartido en una edici\u00f3n especial de <a href=\"https:\/\/cadenaser.com\/tag\/comarca_la_marina_baixa\/a\/\" target=\"_blank\">La Ventana de la Marina Baixa<\/a> sus recuerdos. Memorias de amor, familia, amistad o m\u00fasica que ha compartido junto a Cecilia y sus dos hijos, Mar\u00eda y Camilo.<\/p>   <p>B\u00e9rtele lleg\u00f3 a La Sal del callej\u00f3n de los gatos por un hermano de Cecilia que vino a trabajar a Benidorm y al que ayudaban detr\u00e1s de la barra: \u201cNo entraba nadie, iban al Dulcinea o al Marx, solo ven\u00edan nuestros amigos para que no estuvi\u00e9semos solos\u201d.<\/p>   <p>\u00abNo eran clientes, eran amigos\u00bb<\/p>   <p>As\u00ed pas\u00f3 mucho tiempo hasta que el hermano march\u00f3 y se quedaron con el negocio, un negocio familiar en el que Camilo era el discjockey e introduc\u00eda todas las novedades y a sus amigos m\u00e1s j\u00f3venes.<\/p>   <p>     .c-w{         max-width:444px;         width:100%;         margin:32px auto;      background:#00755E;         border-radius:4px;         display:flex;         align-items:center;         justify-content:center;     }     .c-w a{         display:flex;         align-items:center;         justify-content:center;         padding:4px 24px;     }     .c-w img{         width:24px;         margin-right:12px;     }     .c-w p{         font:18px\/25px Poppins;         text-align:center;         color:#fff;         margin:0;     }     @media (max-width:444px){         .c-w a{             padding:4px 12px;         }         .c-w img{             width:24px;             margin-right:8px;         }         .c-w p{             font:14px\/25px Poppins;         }     }     @media (max-width:335px){         .c-w p{             font:13px\/25px Poppins;         }     }  <div class=\"c-w\">     <a href=\"https:\/\/www.whatsapp.com\/channel\/0029Va633PF9WtC4l7XUzh1e\" rel=\"nofollow\" target=\"_blank\">         <img decoding=\"async\" src=\"https:\/\/cadenaser.com\/estaticos\/recursosgraficos\/responsive\/img\/ico-whatsapp.svg\" alt=\"Whatsapp\">         <p>\u00danete al <b>canal de WhatsApp<\/b> de la SER<\/p>     <\/a> <\/div><\/p>   <p>La Sal, que sigue hoy regentada por Mar\u00eda, ha llegado a nuestros d\u00edas gracias a una receta que parece tan f\u00e1cil de explicar como dif\u00edcil de conseguir: \u201cNo solo vend\u00edamos alcohol, profundiz\u00e1bamos en la vida de los clientes\u201d. Hoy en d\u00eda, muchos de esos amigos siguen visit\u00e1ndoles en casa y seguro que celebran junto a B\u00e9rtele este cumplea\u00f1os tan especial.<\/p> ","protected":false},"excerpt":{"rendered":"<p>Este hombre de origen alem\u00e1n lleva d\u00e9cadas ligado al m\u00edtico pub, un negocio familiar en el que \u00abno hab\u00eda clientes sino amigos\u00bb<\/p>\n","protected":false},"author":0,"featured_media":13402,"comment_status":"open","ping_status":"open","sticky":false,"template":"","format":"standard","meta":{"_acf_changed":false,"footnotes":""},"categories":[1],"tags":[],"class_list":["post-13401","post","type-post","status-publish","format-standard","has-post-thumbnail","hentry","category-sin-categoria"],"acf":{"ser_id":"QEDZ5K4RGJEABGRZ7S2N5LJNWM","ser_url":"https:\/\/cadenaser.com\/comunitat-valenciana\/2025\/03\/06\/recuerdos-de-benidorm-y-la-sal-bertele-cumple-80-anos-radio-benidorm\/"},"_links":{"self":[{"href":"https:\/\/serbenidorm.daliisolutions.com\/index.php\/wp-json\/wp\/v2\/posts\/13401","targetHints":{"allow":["GET"]}}],"collection":[{"href":"https:\/\/serbenidorm.daliisolutions.com\/index.php\/wp-json\/wp\/v2\/posts"}],"about":[{"href":"https:\/\/serbenidorm.daliisolutions.com\/index.php\/wp-json\/wp\/v2\/types\/post"}],"replies":[{"embeddable":true,"href":"https:\/\/serbenidorm.daliisolutions.com\/index.php\/wp-json\/wp\/v2\/comments?post=13401"}],"version-history":[{"count":0,"href":"https:\/\/serbenidorm.daliisolutions.com\/index.php\/wp-json\/wp\/v2\/posts\/13401\/revisions"}],"wp:featuredmedia":[{"embeddable":true,"href":"https:\/\/serbenidorm.daliisolutions.com\/index.php\/wp-json\/wp\/v2\/media\/13402"}],"wp:attachment":[{"href":"https:\/\/serbenidorm.daliisolutions.com\/index.php\/wp-json\/wp\/v2\/media?parent=13401"}],"wp:term":[{"taxonomy":"category","embeddable":true,"href":"https:\/\/serbenidorm.daliisolutions.com\/index.php\/wp-json\/wp\/v2\/categories?post=13401"},{"taxonomy":"post_tag","embeddable":true,"href":"https:\/\/serbenidorm.daliisolutions.com\/index.php\/wp-json\/wp\/v2\/tags?post=13401"}],"curies":[{"name":"wp","href":"https:\/\/api.w.org\/{rel}","templated":true}]}}