{"id":13403,"date":"2025-03-07T12:58:16","date_gmt":"2025-03-07T11:58:16","guid":{"rendered":"https:\/\/serbenidorm.daliisolutions.com\/index.php\/2025\/03\/07\/bombazo-en-el-balonmano-benidorm-el-club-cesa-a-sergio-carballeira-a-24-horas-de-medirse-al-valladolid\/"},"modified":"2025-03-07T12:58:16","modified_gmt":"2025-03-07T11:58:16","slug":"bombazo-en-el-balonmano-benidorm-el-club-cesa-a-sergio-carballeira-a-24-horas-de-medirse-al-valladolid","status":"publish","type":"post","link":"https:\/\/serbenidorm.daliisolutions.com\/index.php\/2025\/03\/07\/bombazo-en-el-balonmano-benidorm-el-club-cesa-a-sergio-carballeira-a-24-horas-de-medirse-al-valladolid\/","title":{"rendered":"Bombazo en el Balonmano Benidorm: El club cesa a Sergio Carballeira a 24 horas de medirse al Valladolid"},"content":{"rendered":"  <p><div data-adtype=\"MLDB\"><\/div><\/p>   <p>Benidorm<\/p>   <p>Tres victorias, cuatro empates y doce derrotas en la Liga Asobal (donde ocupa puestos de descenso directo) y la eliminaci\u00f3n de la Copa del Rey a manos del Alcobendas (octavo clasificado en Plata) han llevado a la directiva del Club Balonmano Benidorm a la decisi\u00f3n de cesar de su puesto al entrenador del Servigroup Hoteles Benidorm, Sergio Carballeira, apenas 24 horas antes de recibir en el Palau d\u2019Esports al Atl\u00e9tico Valladolid en un partido de vida o muerte para los locales.<\/p>   <p>Y todo, apenas mes y medio despu\u00e9s de anunciar el pasado d\u00eda 21 de enero la renovaci\u00f3n, por una temporada m\u00e1s, del t\u00e9cnico gallego, que tras varios a\u00f1os en la entidad se hizo cargo del primer equipo en la temporada 2023\/2024 despu\u00e9s de la marcha de Fernando Latorre al E\u00f3n de Alicante.<\/p>   <p>Cinco derrotas en 2025<\/p>   <p>La marcha del Servigroup Hoteles Benidorm en la que es su und\u00e9cima temporada consecutiva en la Liga Asobal est\u00e1 siendo muy err\u00e1tica desde el inicio de la competici\u00f3n y siempre ha estado coqueteando con los puestos de descenso, aunque una buena reacci\u00f3n antes del final de la primera vuelta permiti\u00f3 reverdecer la esperanza en el Palau d\u2019Esports.<\/p>   <p>Sin embargo, desde que se retomara la competici\u00f3n tras el par\u00f3n navide\u00f1o y para la disputa del Mundial, el equipo ha encadenado cuatro derrotas ligueras y una en Copa de manera consecutiva, algo que habr\u00eda precipitado una decisi\u00f3n que le fue comunicada a Carballeira en la noche del jueves.<\/p>   <p>En la ma\u00f1ana de este viernes Carballeira entraba por \u00faltima vez en el vestuario del Servigroup Hoteles Benidorm para despedirse de la que ha sido su plantilla durante algo m\u00e1s de temporada y media y poner de esta manera el punto y final a esta etapa en la capital tur\u00edstica.<\/p>   <p>     .c-w{         max-width:444px;         width:100%;         margin:32px auto;      background:#00755E;         border-radius:4px;         display:flex;         align-items:center;         justify-content:center;     }     .c-w a{         display:flex;         align-items:center;         justify-content:center;         padding:4px 24px;     }     .c-w img{         width:24px;         margin-right:12px;     }     .c-w p{         font:18px\/25px Poppins;         text-align:center;         color:#fff;         margin:0;     }     @media (max-width:444px){         .c-w a{             padding:4px 12px;         }         .c-w img{             width:24px;             margin-right:8px;         }         .c-w p{             font:14px\/25px Poppins;         }     }     @media (max-width:335px){         .c-w p{             font:13px\/25px Poppins;         }     }  <div class=\"c-w\">     <a href=\"https:\/\/www.whatsapp.com\/channel\/0029Va633PF9WtC4l7XUzh1e\" rel=\"nofollow\" target=\"_blank\">         <img decoding=\"async\" src=\"https:\/\/cadenaser.com\/estaticos\/recursosgraficos\/responsive\/img\/ico-whatsapp.svg\" alt=\"Whatsapp\">         <p>\u00danete al <b>canal de WhatsApp<\/b> de la SER<\/p>     <\/a> <\/div><\/p>   <p>Lesiones y problemas<\/p>   <p>Desde el club se espera que este golpe de tim\u00f3n sirva para enderezar el rumbo de una plantilla que, por otro lado, nunca ha podido jugar o entrenar al completo a lo largo de toda la presente temporada debido a las lesiones y molestias que siempre han diezmado a los de Benidorm.<\/p>   <p>Leo Alonso, lesionado de larga duraci\u00f3n desde antes de empezar la temporada, todav\u00eda no ha podido volver a la disciplina del equipo y cada jornada Carballeira ha tenido que hacer aut\u00e9nticos malabares para completar las convocatorias.<\/p>   <p>Pero ese no est\u00e1 siendo el \u00fanico problema del Servigroup Hoteles Benidorm este a\u00f1o. La delicada situaci\u00f3n econ\u00f3mica de la entidad ha impedido que el club saliera al mercado para hacerse con refuerzos de garant\u00edas no s\u00f3lo para suplir las bajas, sino para dotar de mayor potencial al equipo tal y como han hecho muchos de sus rivales en la zona baja de la clasificaci\u00f3n.<\/p>   <p>Final contra el Valladolid<\/p>   <p>Y todo ello, s\u00f3lo unas horas antes de que ma\u00f1ana s\u00e1bado (17:00 horas) el Servigroup Hoteles Benidorm reciba en el Palau d\u2019Esports al Valldolid, sexto clasificado (y que encadena tres triunfos consecutivos, el \u00faltimo por 42-35 ante el Bidasoa de Ir\u00fan). El club ha hecho p\u00fablico ya el nombre del pr\u00f3ximo inquilino de su banquillo: el hasta ahora segundo entrenador Isidre P\u00e9rez.<\/p>   <p>En ese mismo sentido, todo indica que el paso de P\u00e9rez por el banquillo ser\u00e1 en modo de interinidad y que a principios de la pr\u00f3xima semana el club anunciar\u00e1 el nombre del entrenador que har\u00e1 frente de manera definitiva a la segunda vuelta en el Palau d&#8217;Esports.<\/p>   <p>El partido ante el Atl\u00e9tico Valladolid es, as\u00ed mismo, una aut\u00e9ntica final para un Servigroup Hoteles Benidorm que tiene la salvaci\u00f3n a dos puntos y que, adem\u00e1s, tiene el \u2018goal average\u2019 perdido contra la mayor\u00eda de sus rivales directos.<\/p> ","protected":false},"excerpt":{"rendered":"<p>El segundo entrenador se hace cargo del banquillo<\/p>\n","protected":false},"author":0,"featured_media":13404,"comment_status":"open","ping_status":"open","sticky":false,"template":"","format":"standard","meta":{"_acf_changed":false,"footnotes":""},"categories":[1],"tags":[],"class_list":["post-13403","post","type-post","status-publish","format-standard","has-post-thumbnail","hentry","category-sin-categoria"],"acf":{"ser_id":"N3Y6TMRMCZGSLMUBXJUWP25OVA","ser_url":"https:\/\/cadenaser.com\/comunitat-valenciana\/2025\/03\/07\/bombazo-en-el-balonmano-benidorm-el-club-cesa-a-sergio-carballeira-a-24-horas-de-medirse-al-valladolid-radio-benidorm\/"},"_links":{"self":[{"href":"https:\/\/serbenidorm.daliisolutions.com\/index.php\/wp-json\/wp\/v2\/posts\/13403","targetHints":{"allow":["GET"]}}],"collection":[{"href":"https:\/\/serbenidorm.daliisolutions.com\/index.php\/wp-json\/wp\/v2\/posts"}],"about":[{"href":"https:\/\/serbenidorm.daliisolutions.com\/index.php\/wp-json\/wp\/v2\/types\/post"}],"replies":[{"embeddable":true,"href":"https:\/\/serbenidorm.daliisolutions.com\/index.php\/wp-json\/wp\/v2\/comments?post=13403"}],"version-history":[{"count":0,"href":"https:\/\/serbenidorm.daliisolutions.com\/index.php\/wp-json\/wp\/v2\/posts\/13403\/revisions"}],"wp:featuredmedia":[{"embeddable":true,"href":"https:\/\/serbenidorm.daliisolutions.com\/index.php\/wp-json\/wp\/v2\/media\/13404"}],"wp:attachment":[{"href":"https:\/\/serbenidorm.daliisolutions.com\/index.php\/wp-json\/wp\/v2\/media?parent=13403"}],"wp:term":[{"taxonomy":"category","embeddable":true,"href":"https:\/\/serbenidorm.daliisolutions.com\/index.php\/wp-json\/wp\/v2\/categories?post=13403"},{"taxonomy":"post_tag","embeddable":true,"href":"https:\/\/serbenidorm.daliisolutions.com\/index.php\/wp-json\/wp\/v2\/tags?post=13403"}],"curies":[{"name":"wp","href":"https:\/\/api.w.org\/{rel}","templated":true}]}}