{"id":13405,"date":"2025-03-07T12:58:17","date_gmt":"2025-03-07T11:58:17","guid":{"rendered":"https:\/\/serbenidorm.daliisolutions.com\/index.php\/2025\/03\/07\/le-roban-en-su-restaurante-de-benidorm-y-la-policia-lo-termina-deteniendo-por-haber-huido-de-la-justicia-francesa\/"},"modified":"2025-03-07T12:58:17","modified_gmt":"2025-03-07T11:58:17","slug":"le-roban-en-su-restaurante-de-benidorm-y-la-policia-lo-termina-deteniendo-por-haber-huido-de-la-justicia-francesa","status":"publish","type":"post","link":"https:\/\/serbenidorm.daliisolutions.com\/index.php\/2025\/03\/07\/le-roban-en-su-restaurante-de-benidorm-y-la-policia-lo-termina-deteniendo-por-haber-huido-de-la-justicia-francesa\/","title":{"rendered":"Le roban en su restaurante de Benidorm y la polic\u00eda lo termina deteniendo por haber huido de la justicia francesa"},"content":{"rendered":"  <p><div data-adtype=\"MLDB\"><\/div><\/p>   <p>Benidorm<\/p>   <p>El propietario de un restaurante de Benidorm ha acabado detenido <a href=\"https:\/\/cadenaser.com\/tag\/benidorm\/a\/\" target=\"_blank\">despu\u00e9s de que la Polic\u00eda sorprendiera a tres asaltantes rob\u00e1ndole en el establecimiento<\/a> y, tras pedirle la documentaci\u00f3n, descubriera que ten\u00eda una orden europea emitida por Francia por blanqueo de capitales.<\/p>   <p>Seg\u00fan la Polic\u00eda Nacional, el due\u00f1o del restaurante, espa\u00f1ol de 58 a\u00f1os, fue interceptado en mayo de 2017 en un control de la polic\u00eda francesa con 249.000 euros en met\u00e1lico escondidos en el coche sin poder demostrar la procedencia l\u00edcita del dinero.<\/p>  <p><p>M\u00e1s informaci\u00f3n<\/p><figure><img loading=\"lazy\" decoding=\"async\" src=\"https:\/\/cadenaser.com\/resizer\/v2\/R4Z2OFJ5CVFDZCG45GY2ORIXNA.jpg?auth=e64b7d07634b2e836247bd0e9ea6a89c61b9c86c9a9d6ef1e582b02d9af979ca&amp;quality=70&amp;width=360&amp;height=202&amp;smart=true\" width=\"820\" height=\"621\" \/><\/figure><ul><li><a href=\"https:\/\/cadenaser.com\/comunitat-valenciana\/2025\/03\/06\/la-policia-desmantela-seis-puntos-de-venta-de-droga-en-benidorm-lalfas-y-la-nucia-radio-benidorm\/\"><span>La Polic\u00eda desmantela seis puntos de venta de droga en Benidorm, l&#8217;Alf\u00e0s y La Nuc\u00eda<\/span><\/a><\/li><\/ul><\/p>   <p>En ese momento, relat\u00f3 que regresaba de Bruselas pero posteriormente se supo que hab\u00eda estado en Amsterdam (Holanda) y fue juzgado y condenado a tres a\u00f1os de prisi\u00f3n por blanqueo de capital es procedente del tr\u00e1fico de drogas. <\/p>   <p>A este individuo le quedaba pendiente de cumplir en Francia un a\u00f1o y cuatro meses de prisi\u00f3n, por lo que ha sido puesto a disposici\u00f3n del Juzgado Central de Instrucci\u00f3n de la Audiencia Nacional para la extradici\u00f3n.<\/p>   <p>Esta situaci\u00f3n fue descubierta despu\u00e9s de que agentes de la Polic\u00eda sorprendieran a tres individuos, espa\u00f1oles de 37, 43 y 58 a\u00f1os, robando en el interior del restaurante, del que se hab\u00edan hecho con varias botellas de alcohol y otros efectos. A estos tres hombres se les atribuye un supuesto delito de robo con fuerza. <\/p>   <p>     .c-w{         max-width:444px;         width:100%;         margin:32px auto;      background:#00755E;         border-radius:4px;         display:flex;         align-items:center;         justify-content:center;     }     .c-w a{         display:flex;         align-items:center;         justify-content:center;         padding:4px 24px;     }     .c-w img{         width:24px;         margin-right:12px;     }     .c-w p{         font:18px\/25px Poppins;         text-align:center;         color:#fff;         margin:0;     }     @media (max-width:444px){         .c-w a{             padding:4px 12px;         }         .c-w img{             width:24px;             margin-right:8px;         }         .c-w p{             font:14px\/25px Poppins;         }     }     @media (max-width:335px){         .c-w p{             font:13px\/25px Poppins;         }     }  <div class=\"c-w\">     <a href=\"https:\/\/www.whatsapp.com\/channel\/0029Va633PF9WtC4l7XUzh1e\" rel=\"nofollow\" target=\"_blank\">         <img decoding=\"async\" src=\"https:\/\/cadenaser.com\/estaticos\/recursosgraficos\/responsive\/img\/ico-whatsapp.svg\" alt=\"Whatsapp\">         <p>\u00danete al <b>canal de WhatsApp<\/b> de la SER<\/p>     <\/a> <\/div><\/p> ","protected":false},"excerpt":{"rendered":"<p>Tras el asalto de tres ladrones los agentes descubren que ten\u00eda una orden de detenci\u00f3n<\/p>\n","protected":false},"author":0,"featured_media":13406,"comment_status":"open","ping_status":"open","sticky":false,"template":"","format":"standard","meta":{"_acf_changed":false,"footnotes":""},"categories":[1],"tags":[],"class_list":["post-13405","post","type-post","status-publish","format-standard","has-post-thumbnail","hentry","category-sin-categoria"],"acf":{"ser_id":"LUXI2YG3LNA6ZO7AUD4NKFECPA","ser_url":"https:\/\/cadenaser.com\/comunitat-valenciana\/2025\/03\/07\/le-roban-en-su-restaurante-de-benidorm-y-la-policia-lo-termina-deteniendo-por-haber-huido-de-la-justicia-francesa-radio-benidorm\/"},"_links":{"self":[{"href":"https:\/\/serbenidorm.daliisolutions.com\/index.php\/wp-json\/wp\/v2\/posts\/13405","targetHints":{"allow":["GET"]}}],"collection":[{"href":"https:\/\/serbenidorm.daliisolutions.com\/index.php\/wp-json\/wp\/v2\/posts"}],"about":[{"href":"https:\/\/serbenidorm.daliisolutions.com\/index.php\/wp-json\/wp\/v2\/types\/post"}],"replies":[{"embeddable":true,"href":"https:\/\/serbenidorm.daliisolutions.com\/index.php\/wp-json\/wp\/v2\/comments?post=13405"}],"version-history":[{"count":0,"href":"https:\/\/serbenidorm.daliisolutions.com\/index.php\/wp-json\/wp\/v2\/posts\/13405\/revisions"}],"wp:featuredmedia":[{"embeddable":true,"href":"https:\/\/serbenidorm.daliisolutions.com\/index.php\/wp-json\/wp\/v2\/media\/13406"}],"wp:attachment":[{"href":"https:\/\/serbenidorm.daliisolutions.com\/index.php\/wp-json\/wp\/v2\/media?parent=13405"}],"wp:term":[{"taxonomy":"category","embeddable":true,"href":"https:\/\/serbenidorm.daliisolutions.com\/index.php\/wp-json\/wp\/v2\/categories?post=13405"},{"taxonomy":"post_tag","embeddable":true,"href":"https:\/\/serbenidorm.daliisolutions.com\/index.php\/wp-json\/wp\/v2\/tags?post=13405"}],"curies":[{"name":"wp","href":"https:\/\/api.w.org\/{rel}","templated":true}]}}