{"id":13407,"date":"2025-03-07T16:14:08","date_gmt":"2025-03-07T15:14:08","guid":{"rendered":"https:\/\/serbenidorm.daliisolutions.com\/index.php\/2025\/03\/07\/8m-dia-de-la-mujer-con-la-mesa-multidisciplinar-de-lalfas-del-pi\/"},"modified":"2025-03-07T16:14:08","modified_gmt":"2025-03-07T15:14:08","slug":"8m-dia-de-la-mujer-con-la-mesa-multidisciplinar-de-lalfas-del-pi","status":"publish","type":"post","link":"https:\/\/serbenidorm.daliisolutions.com\/index.php\/2025\/03\/07\/8m-dia-de-la-mujer-con-la-mesa-multidisciplinar-de-lalfas-del-pi\/","title":{"rendered":"8M: D\u00eda de la Mujer con la Mesa Multidisciplinar de L\u2019Alf\u00e0s del Pi"},"content":{"rendered":"  <p><div data-adtype=\"MLDB\"><\/div><\/p>   <p>L&#8217;Alf\u00e0s del Pi<\/p>   <p>Con motivo del 8M, D\u00eda de la Mujer, <a href=\"https:\/\/radiobenidorm.es\" target=\"_blank\" rel=\"nofollow\" title=\"https:\/\/radiobenidorm.es\">Hoy por Hoy Benidorm<\/a> se ha desplazado a L&#8217;Alf\u00e0s del P\u00ed para realizar un programa especial desde la central de la Polic\u00eda Local con las integrantes de la Mesa Multidisciplinar para la Detecci\u00f3n, Prevenci\u00f3n, Atenci\u00f3n y Seguimiento de la Violencia de G\u00e9nero.<\/p>   <p>Un organismo pionero en la Marina Baixa que nace con los fondos del Pacto de Estado de 2019 y que aglutina y unifica a todos los agentes y servicios de la cadena de atenci\u00f3n a la mujer.<\/p>   <p>La edil de Igualdad Laura Sevilla, la psic\u00f3loga de Bienestar Social Inma Mateos, la agente de Igualdad Dolores \u00c1lvarez, la asesora jur\u00eddica de Bienestar Social Catalina Mena, la trabajadora social Beatriz Gomis y la agente de la Polic\u00eda Local de la secci\u00f3n de Violencia de G\u00e9nero Ana P\u00e9rez, nos han explicado el funcionamiento de esta mesa \u00abgracias a la cual hemos simplificado tr\u00e1mites, agilizado procesos y ofrecido una mejor atenci\u00f3n para ayudar a m\u00e1s mujeres\u00bb. <\/p>   <p>Con ellas hemos hablado de violencia de g\u00e9nero que pero tambi\u00e9n de techos de cristal, de conciliaci\u00f3n familiar y laboral, de brecha de g\u00e9nero, de edadismo, de carga mental, de logros y del camino que nos queda por recorrer. <\/p>   <p>Tambi\u00e9n de la \u00abnecesidad\u00bb de que en el 8 de marzo se siga conmemorando el<a href=\"https:\/\/cadenaser.com\/comunitat-valenciana\/2025\/02\/24\/asi-es-el-programa-de-benidorm-para-conmemorar-el-dia-de-la-mujer-radio-benidorm\/\" target=\"_blank\" rel=\"nofollow\" title=\"https:\/\/cadenaser.com\/comunitat-valenciana\/2025\/02\/24\/asi-es-el-programa-de-benidorm-para-conmemorar-el-dia-de-la-mujer-radio-benidorm\/\"> D\u00eda de la Muje<\/a>r atendiendo a los datos que todav\u00eda registra nuestra comarca en cuanto a brecha de g\u00e9nero.<\/p>   <p>     .c-w{         max-width:444px;         width:100%;         margin:32px auto;      background:#00755E;         border-radius:4px;         display:flex;         align-items:center;         justify-content:center;     }     .c-w a{         display:flex;         align-items:center;         justify-content:center;         padding:4px 24px;     }     .c-w img{         width:24px;         margin-right:12px;     }     .c-w p{         font:18px\/25px Poppins;         text-align:center;         color:#fff;         margin:0;     }     @media (max-width:444px){         .c-w a{             padding:4px 12px;         }         .c-w img{             width:24px;             margin-right:8px;         }         .c-w p{             font:14px\/25px Poppins;         }     }     @media (max-width:335px){         .c-w p{             font:13px\/25px Poppins;         }     }  <div class=\"c-w\">     <a href=\"https:\/\/www.whatsapp.com\/channel\/0029Va633PF9WtC4l7XUzh1e\" rel=\"nofollow\" target=\"_blank\">         <img decoding=\"async\" src=\"https:\/\/cadenaser.com\/estaticos\/recursosgraficos\/responsive\/img\/ico-whatsapp.svg\" alt=\"Whatsapp\">         <p>\u00danete al <b>canal de WhatsApp<\/b> de la SER<\/p>     <\/a> <\/div><\/p>   <p>As\u00ed, en L\u2019Alfas del Pi s\u00f3lo en 6 meses esta mesa multidisciplinar ha realizado 268 atenci\u00f3n personalizadas por brecha de g\u00e9nero. <\/p>   <p>En Benidorm desde enero de 2024 se ha atendido 60 llamadas de petici\u00f3n de auxilio por posibles casos de violencia de g\u00e9nero. La Polic\u00eda Local est\u00e1 dando protecci\u00f3n directa diaria a 101 v\u00edctimas de las cuales 2 est\u00e1n riesgo alto y 8 en riesgo medio.<\/p>   <p>En la Nucia en 2024 se realizaron 28 atenciones por violencia de g\u00e9nero a 12 mujeres y otras 76 atenciones por cuestiones de brecha de genero referidas a 19 mujeres.<\/p>   <p>En Callosa d\u2019En Sarri\u00e0 en 2024 se atendi\u00f3 a<b> <\/b>31 v\u00edctimas de violencia de g\u00e9nero residentes en la localidad. Son 53 en total en la mancomunidad de municipios consorciados. <\/p>   <p> <\/p> ","protected":false},"excerpt":{"rendered":"<p>Analizamos los logros, problemas y retos de la mujer para acabar con la brecha de g\u00e9nero<\/p>\n","protected":false},"author":0,"featured_media":13408,"comment_status":"open","ping_status":"open","sticky":false,"template":"","format":"standard","meta":{"_acf_changed":false,"footnotes":""},"categories":[1],"tags":[],"class_list":["post-13407","post","type-post","status-publish","format-standard","has-post-thumbnail","hentry","category-sin-categoria"],"acf":{"ser_id":"Y5SPSZLKHNF7LFKZJNTECU3RJQ","ser_url":"https:\/\/cadenaser.com\/comunitat-valenciana\/2025\/03\/07\/8m-dia-de-la-mujer-con-la-mesa-multidisciplinar-de-lalfas-del-pi-radio-benidorm\/"},"_links":{"self":[{"href":"https:\/\/serbenidorm.daliisolutions.com\/index.php\/wp-json\/wp\/v2\/posts\/13407","targetHints":{"allow":["GET"]}}],"collection":[{"href":"https:\/\/serbenidorm.daliisolutions.com\/index.php\/wp-json\/wp\/v2\/posts"}],"about":[{"href":"https:\/\/serbenidorm.daliisolutions.com\/index.php\/wp-json\/wp\/v2\/types\/post"}],"replies":[{"embeddable":true,"href":"https:\/\/serbenidorm.daliisolutions.com\/index.php\/wp-json\/wp\/v2\/comments?post=13407"}],"version-history":[{"count":0,"href":"https:\/\/serbenidorm.daliisolutions.com\/index.php\/wp-json\/wp\/v2\/posts\/13407\/revisions"}],"wp:featuredmedia":[{"embeddable":true,"href":"https:\/\/serbenidorm.daliisolutions.com\/index.php\/wp-json\/wp\/v2\/media\/13408"}],"wp:attachment":[{"href":"https:\/\/serbenidorm.daliisolutions.com\/index.php\/wp-json\/wp\/v2\/media?parent=13407"}],"wp:term":[{"taxonomy":"category","embeddable":true,"href":"https:\/\/serbenidorm.daliisolutions.com\/index.php\/wp-json\/wp\/v2\/categories?post=13407"},{"taxonomy":"post_tag","embeddable":true,"href":"https:\/\/serbenidorm.daliisolutions.com\/index.php\/wp-json\/wp\/v2\/tags?post=13407"}],"curies":[{"name":"wp","href":"https:\/\/api.w.org\/{rel}","templated":true}]}}