{"id":13409,"date":"2025-03-07T16:14:10","date_gmt":"2025-03-07T15:14:10","guid":{"rendered":"https:\/\/serbenidorm.daliisolutions.com\/index.php\/2025\/03\/07\/los-canos-vuelven-a-los-escenarios-en-benidorm\/"},"modified":"2025-03-07T16:14:10","modified_gmt":"2025-03-07T15:14:10","slug":"los-canos-vuelven-a-los-escenarios-en-benidorm","status":"publish","type":"post","link":"https:\/\/serbenidorm.daliisolutions.com\/index.php\/2025\/03\/07\/los-canos-vuelven-a-los-escenarios-en-benidorm\/","title":{"rendered":"Los Ca\u00f1os vuelven a los escenarios en Benidorm"},"content":{"rendered":"  <p><div data-adtype=\"MLDB\"><\/div><\/p>   <p>Benidorm<\/p>   <p>Los Can\u0303os, el ic\u00f3nico grupo andaluz que marco\u0301 a toda una generaci\u00f3n con sus inolvidables \u00e9xitos, anuncia su regreso a los escenarios con una gira que recorrer\u00e1\u0301 varias ciudades de nuestro pa\u00eds, siendo <a href=\"https:\/\/cadenaser.com\/tag\/benidorm\/a\/\" target=\"_blank\">la ciudad de Benidorm la elegida para el primer concierto el pr\u00f3ximo 3 de mayo en el Auditorio Julio Iglesias<\/a>.<\/p>   <p>Tras veinte a\u00f1os alejados del foco medi\u00e1tico y hacer SOLD OUT en 24 horas de su \u00fanico concierto anunciado, el grupo ha decidido reencontrarse con su p\u00fablico y revivir la magia de aquellos temas que los convirtieron en un referente del pop espa\u00f1ol.<\/p>  <p><p>M\u00e1s informaci\u00f3n<\/p><figure><img loading=\"lazy\" decoding=\"async\" src=\"https:\/\/cadenaser.com\/resizer\/v2\/UTPIITZFW5D3NATAEAJV3TVO4Y.jpg?auth=465d38b778eff8d3497047f559484af9e73d4157ce99c6086a4ac11c5e3d016e&amp;quality=70&amp;width=360&amp;height=202&amp;smart=true\" width=\"820\" height=\"621\" \/><\/figure><ul><li><a href=\"https:\/\/cadenaser.com\/comunitat-valenciana\/2025\/02\/24\/alicante-goldest-presenta-a-la-leyenda-galesa-tom-jones-radio-benidorm\/\"><span>Alicante Goldest presenta a la leyenda galesa: Tom Jones<\/span><\/a><\/li><\/ul><\/p>   <p>Con un repertorio cargado de nostalgia y nuevas sorpresas, Los Can\u0303os prometen ofrecer un espect\u00e1culo inolvidable para sus seguidores de siempre y las nuevas generaciones.<\/p>   <p>La gira, que llevara\u0301 por nombre \u201820 an\u0303os pensando en ti\u2019 recorrer\u00e1\u0301 varias localidades del pa\u00eds, brindando a los fans la oportunidad de disfrutar en vivo de sus \u00e9xitos que les llevaron a conquistar el panorama musical espa\u00f1ol y a conseguir varios discos de Oro y Platino, como \u00abNin\u0303a piensa en ti\u00bb, \u201cBailar en tu boca\u201d o \u201cTu no sabes\u201d.<\/p>   <p>Toda la informaci\u00f3n y venta de entradas en <a href=\"http:\/\/loscanosoficial.com\/\" target=\"_blank\">loscanosoficial.com<\/a><\/p>   <p>     .c-w{         max-width:444px;         width:100%;         margin:32px auto;      background:#00755E;         border-radius:4px;         display:flex;         align-items:center;         justify-content:center;     }     .c-w a{         display:flex;         align-items:center;         justify-content:center;         padding:4px 24px;     }     .c-w img{         width:24px;         margin-right:12px;     }     .c-w p{         font:18px\/25px Poppins;         text-align:center;         color:#fff;         margin:0;     }     @media (max-width:444px){         .c-w a{             padding:4px 12px;         }         .c-w img{             width:24px;             margin-right:8px;         }         .c-w p{             font:14px\/25px Poppins;         }     }     @media (max-width:335px){         .c-w p{             font:13px\/25px Poppins;         }     }  <div class=\"c-w\">     <a href=\"https:\/\/www.whatsapp.com\/channel\/0029Va633PF9WtC4l7XUzh1e\" rel=\"nofollow\" target=\"_blank\">         <img decoding=\"async\" src=\"https:\/\/cadenaser.com\/estaticos\/recursosgraficos\/responsive\/img\/ico-whatsapp.svg\" alt=\"Whatsapp\">         <p>\u00danete al <b>canal de WhatsApp<\/b> de la SER<\/p>     <\/a> <\/div><\/p> ","protected":false},"excerpt":{"rendered":"<p>El 3 de mayo en el Julio Iglesias<\/p>\n","protected":false},"author":0,"featured_media":13410,"comment_status":"open","ping_status":"open","sticky":false,"template":"","format":"standard","meta":{"_acf_changed":false,"footnotes":""},"categories":[1],"tags":[],"class_list":["post-13409","post","type-post","status-publish","format-standard","has-post-thumbnail","hentry","category-sin-categoria"],"acf":{"ser_id":"CO3CKAK3H5DPJIWXRY6WIHVLQQ","ser_url":"https:\/\/cadenaser.com\/comunitat-valenciana\/2025\/03\/07\/los-canos-vuelven-a-los-escenarios-en-benidorm-radio-benidorm\/"},"_links":{"self":[{"href":"https:\/\/serbenidorm.daliisolutions.com\/index.php\/wp-json\/wp\/v2\/posts\/13409","targetHints":{"allow":["GET"]}}],"collection":[{"href":"https:\/\/serbenidorm.daliisolutions.com\/index.php\/wp-json\/wp\/v2\/posts"}],"about":[{"href":"https:\/\/serbenidorm.daliisolutions.com\/index.php\/wp-json\/wp\/v2\/types\/post"}],"replies":[{"embeddable":true,"href":"https:\/\/serbenidorm.daliisolutions.com\/index.php\/wp-json\/wp\/v2\/comments?post=13409"}],"version-history":[{"count":0,"href":"https:\/\/serbenidorm.daliisolutions.com\/index.php\/wp-json\/wp\/v2\/posts\/13409\/revisions"}],"wp:featuredmedia":[{"embeddable":true,"href":"https:\/\/serbenidorm.daliisolutions.com\/index.php\/wp-json\/wp\/v2\/media\/13410"}],"wp:attachment":[{"href":"https:\/\/serbenidorm.daliisolutions.com\/index.php\/wp-json\/wp\/v2\/media?parent=13409"}],"wp:term":[{"taxonomy":"category","embeddable":true,"href":"https:\/\/serbenidorm.daliisolutions.com\/index.php\/wp-json\/wp\/v2\/categories?post=13409"},{"taxonomy":"post_tag","embeddable":true,"href":"https:\/\/serbenidorm.daliisolutions.com\/index.php\/wp-json\/wp\/v2\/tags?post=13409"}],"curies":[{"name":"wp","href":"https:\/\/api.w.org\/{rel}","templated":true}]}}