{"id":13411,"date":"2025-03-07T16:14:11","date_gmt":"2025-03-07T15:14:11","guid":{"rendered":"https:\/\/serbenidorm.daliisolutions.com\/index.php\/2025\/03\/07\/el-voleibol-playas-de-benidorm-celebra-su-clasificacion-con-una-jornada-especial-en-el-raul-mesa\/"},"modified":"2025-03-07T16:14:11","modified_gmt":"2025-03-07T15:14:11","slug":"el-voleibol-playas-de-benidorm-celebra-su-clasificacion-con-una-jornada-especial-en-el-raul-mesa","status":"publish","type":"post","link":"https:\/\/serbenidorm.daliisolutions.com\/index.php\/2025\/03\/07\/el-voleibol-playas-de-benidorm-celebra-su-clasificacion-con-una-jornada-especial-en-el-raul-mesa\/","title":{"rendered":"El Voleibol Playas de Benidorm celebra su clasificaci\u00f3n con una jornada especial en el Ra\u00fal Mesa"},"content":{"rendered":"  <p><div data-adtype=\"MLDB\"><\/div><\/p>   <p>Benidorm<\/p>   <p>El Pabell\u00f3n Ra\u00fal Mesa volver\u00e1 a vibrar este s\u00e1bado con una jornada apasionante de la Superliga 2. Los equipos masculino y femenino del Servigroup Playas de Benidorm buscar\u00e1n ofrecer un gran espect\u00e1culo a su afici\u00f3n en un d\u00eda especial. El conjunto masculino, que ha logrado la hist\u00f3rica clasificaci\u00f3n para la fase de ascenso a la Superliga Masculina, celebrar\u00e1 este hito con su p\u00fablico, mientras que el femenino disputar\u00e1 un emocionante derbi comarcal ante el Medsur Finestrat, enmarcado en la conmemoraci\u00f3n del D\u00eda Internacional de la Mujer.<\/p>   <p>El equipo dirigido por Adriano Lamb afronta su encuentro a las 19:30 horas contra el Villena Petrer, un rival complicado que lucha por asegurarse un puesto en la fase de ascenso. Con la moral en alto tras certificar su clasificaci\u00f3n el pasado fin de semana en Almer\u00eda, los benidormenses quieren seguir sumando victorias para cerrar la fase regular como campeones del Grupo C y asegurarse el puesto de cabeza de serie en los play-offs.<\/p>   <p><b>Derbi femenino en el D\u00eda Internacional de la Mujer<\/b><\/p>   <p>Antes del partido masculino, a las 17:00 horas, el Servigroup Playas de Benidorm femenino se medir\u00e1 al Medsur Finestrat en un derbi cargado de emoci\u00f3n y significado. Con s\u00f3lo 10 kil\u00f3metros de distancia entre ambos clubes y una clasificaci\u00f3n muy ajustada (las benidormenses son quintas con 30 puntos y Finestrat, sexto con 25), el duelo se presenta como uno de los m\u00e1s igualados de la jornada.<\/p>   <p>El equipo de Noelia Santacreu espera recuperar a las jugadoras que fueron baja por enfermedad en la \u00faltima jornada para afrontar el encuentro con garant\u00edas y buscar su und\u00e9cima victoria de la temporada.<\/p> ","protected":false},"excerpt":{"rendered":"<p>El equipo femenino afronta un apasionante derbi comarcal ante el Medsur Finestrat<\/p>\n","protected":false},"author":0,"featured_media":13412,"comment_status":"open","ping_status":"open","sticky":false,"template":"","format":"standard","meta":{"_acf_changed":false,"footnotes":""},"categories":[16],"tags":[],"class_list":["post-13411","post","type-post","status-publish","format-standard","has-post-thumbnail","hentry","category-deportes"],"acf":{"ser_id":"7NCXADGP3RAMDFURKBPSYSELJI","ser_url":"https:\/\/cadenaser.com\/comunitat-valenciana\/2025\/03\/07\/el-voleibol-playas-de-benidorm-celebra-su-clasificacion-con-una-jornada-especial-en-el-raul-mesa-radio-benidorm\/"},"_links":{"self":[{"href":"https:\/\/serbenidorm.daliisolutions.com\/index.php\/wp-json\/wp\/v2\/posts\/13411","targetHints":{"allow":["GET"]}}],"collection":[{"href":"https:\/\/serbenidorm.daliisolutions.com\/index.php\/wp-json\/wp\/v2\/posts"}],"about":[{"href":"https:\/\/serbenidorm.daliisolutions.com\/index.php\/wp-json\/wp\/v2\/types\/post"}],"replies":[{"embeddable":true,"href":"https:\/\/serbenidorm.daliisolutions.com\/index.php\/wp-json\/wp\/v2\/comments?post=13411"}],"version-history":[{"count":0,"href":"https:\/\/serbenidorm.daliisolutions.com\/index.php\/wp-json\/wp\/v2\/posts\/13411\/revisions"}],"wp:featuredmedia":[{"embeddable":true,"href":"https:\/\/serbenidorm.daliisolutions.com\/index.php\/wp-json\/wp\/v2\/media\/13412"}],"wp:attachment":[{"href":"https:\/\/serbenidorm.daliisolutions.com\/index.php\/wp-json\/wp\/v2\/media?parent=13411"}],"wp:term":[{"taxonomy":"category","embeddable":true,"href":"https:\/\/serbenidorm.daliisolutions.com\/index.php\/wp-json\/wp\/v2\/categories?post=13411"},{"taxonomy":"post_tag","embeddable":true,"href":"https:\/\/serbenidorm.daliisolutions.com\/index.php\/wp-json\/wp\/v2\/tags?post=13411"}],"curies":[{"name":"wp","href":"https:\/\/api.w.org\/{rel}","templated":true}]}}