{"id":13413,"date":"2025-03-07T19:57:17","date_gmt":"2025-03-07T18:57:17","guid":{"rendered":"https:\/\/serbenidorm.daliisolutions.com\/index.php\/2025\/03\/07\/el-servicio-de-limpieza-y-basura-de-benidorm-se-encarece-mas-de-un-5-este-2025\/"},"modified":"2025-03-07T19:57:17","modified_gmt":"2025-03-07T18:57:17","slug":"el-servicio-de-limpieza-y-basura-de-benidorm-se-encarece-mas-de-un-5-este-2025","status":"publish","type":"post","link":"https:\/\/serbenidorm.daliisolutions.com\/index.php\/2025\/03\/07\/el-servicio-de-limpieza-y-basura-de-benidorm-se-encarece-mas-de-un-5-este-2025\/","title":{"rendered":"El servicio de limpieza y basura de Benidorm se encarece m\u00e1s de un 5 % este 2025"},"content":{"rendered":"  <p><div data-adtype=\"MLDB\"><\/div><\/p>   <p>Benidorm<\/p>   <p>El pleno del Ayuntamiento de Benidorm ha aprobado este viernes en sesi\u00f3n extraordinaria con los votos de la mayor\u00eda absoluta del PP el<a href=\"https:\/\/cadenaser.com\/tag\/benidorm\/a\/\" target=\"_blank\"> incremento del coste del servicio de la recogida de basuras y la limpieza viaria en m\u00e1s de 800.000 euros<\/a>, un 5,5 % m\u00e1s que el a\u00f1o anterior.<\/p>   <p>Un servicio que, como ha criticado con dureza la oposici\u00f3n del PSOE, lleva caducado desde hace m\u00e1s de siete a\u00f1os y que vuelve a subir de precio con un informe al que, a pesar de que ninguno es suspensivo &#8211; como ha defendido el gobierno local -, el departamento municipal de Intervenci\u00f3n ha puesto hasta cuatro reparos.<\/p>  <p><p>M\u00e1s informaci\u00f3n<\/p><figure><img loading=\"lazy\" decoding=\"async\" src=\"https:\/\/cadenaser.com\/resizer\/v2\/6IEEMFGASBAWNGUQ6ZCSJJHDBE.jpg?auth=3d625c05987a77f35764566be82fd742384e0b075f92e791535e59bc8306c9b6&amp;quality=70&amp;width=360&amp;height=202&amp;smart=true\" width=\"820\" height=\"621\" \/><\/figure><ul><li><a href=\"https:\/\/cadenaser.com\/comunitat-valenciana\/2025\/03\/07\/le-roban-en-su-restaurante-de-benidorm-y-la-policia-lo-termina-deteniendo-por-haber-huido-de-la-justicia-francesa-radio-benidorm\/\"><span>Le roban en su restaurante de Benidorm y la polic\u00eda lo termina deteniendo por haber huido de la justicia francesa<\/span><\/a><\/li><\/ul><\/p>   <p>La portavoz del equipo de gobierno, Lourdes Caselles, ha explicado que el informe del ingeniero municipal responsable del \u00f3rgano gestor de este contrato, firmado el pasado 27 de febrero, muestra sus discrepancias con respecto a los cuatro reparos no suspensivos planteados por la Intervenci\u00f3n en otro informe del 19 de febrero. <\/p>   <p>La diferencia de opini\u00f3n entre el departamento de Ingenier\u00eda y el de Intervenci\u00f3n, que motiv\u00f3 los reparos no suspensivos de esta \u00faltima, hac\u00edan alusi\u00f3n a aspectos como los precios actualizados o no de la propuesta; a si el mantenimiento de los contenedores soterrados deb\u00eda considerarse como inversi\u00f3n o como gasto; a si est\u00e1 sobredimensionada o no la estimaci\u00f3n de los equipos de alquiler para garantizar el servicio; o a diferencias de opini\u00f3n sobre la aplicaci\u00f3n de la f\u00f3rmula de revisi\u00f3n de precios incluida en la propuesta de la concesionaria.<\/p>   <p>La concejal ha recordado que el pleno aprob\u00f3 la continuidad de la prestaci\u00f3n del servicio en el pleno de diciembre de 2024, al tratarse de un servicio b\u00e1sico que hay que seguir prestando pese a la caducidad del contrato hasta la nueva licitaci\u00f3n, y ha agregado el siguiente paso es la revisi\u00f3n de precios que se ha acordado hoy que \u201cen ning\u00fan caso va a suponer un incremento del recibo para los ciudadanos\u201d, ha aclarado a ra\u00edz de las cr\u00edticas de los socialistas.<\/p>   <p>     .c-w{         max-width:444px;         width:100%;         margin:32px auto;      background:#00755E;         border-radius:4px;         display:flex;         align-items:center;         justify-content:center;     }     .c-w a{         display:flex;         align-items:center;         justify-content:center;         padding:4px 24px;     }     .c-w img{         width:24px;         margin-right:12px;     }     .c-w p{         font:18px\/25px Poppins;         text-align:center;         color:#fff;         margin:0;     }     @media (max-width:444px){         .c-w a{             padding:4px 12px;         }         .c-w img{             width:24px;             margin-right:8px;         }         .c-w p{             font:14px\/25px Poppins;         }     }     @media (max-width:335px){         .c-w p{             font:13px\/25px Poppins;         }     }  <div class=\"c-w\">     <a href=\"https:\/\/www.whatsapp.com\/channel\/0029Va633PF9WtC4l7XUzh1e\" rel=\"nofollow\" target=\"_blank\">         <img decoding=\"async\" src=\"https:\/\/cadenaser.com\/estaticos\/recursosgraficos\/responsive\/img\/ico-whatsapp.svg\" alt=\"Whatsapp\">         <p>\u00danete al <b>canal de WhatsApp<\/b> de la SER<\/p>     <\/a> <\/div><\/p> ","protected":false},"excerpt":{"rendered":"<p>FCC sigue prestando el servicio aunque el contrato lleva caducado m\u00e1s de siete a\u00f1os<\/p>\n","protected":false},"author":0,"featured_media":13414,"comment_status":"open","ping_status":"open","sticky":false,"template":"","format":"standard","meta":{"_acf_changed":false,"footnotes":""},"categories":[1],"tags":[],"class_list":["post-13413","post","type-post","status-publish","format-standard","has-post-thumbnail","hentry","category-sin-categoria"],"acf":{"ser_id":"AWQZKMJQMZALFJZMJVJRMFXSHY","ser_url":"https:\/\/cadenaser.com\/comunitat-valenciana\/2025\/03\/07\/el-servicio-de-limpieza-y-basura-de-benidorm-se-encarece-mas-de-un-5-este-2025-radio-benidorm\/"},"_links":{"self":[{"href":"https:\/\/serbenidorm.daliisolutions.com\/index.php\/wp-json\/wp\/v2\/posts\/13413","targetHints":{"allow":["GET"]}}],"collection":[{"href":"https:\/\/serbenidorm.daliisolutions.com\/index.php\/wp-json\/wp\/v2\/posts"}],"about":[{"href":"https:\/\/serbenidorm.daliisolutions.com\/index.php\/wp-json\/wp\/v2\/types\/post"}],"replies":[{"embeddable":true,"href":"https:\/\/serbenidorm.daliisolutions.com\/index.php\/wp-json\/wp\/v2\/comments?post=13413"}],"version-history":[{"count":0,"href":"https:\/\/serbenidorm.daliisolutions.com\/index.php\/wp-json\/wp\/v2\/posts\/13413\/revisions"}],"wp:featuredmedia":[{"embeddable":true,"href":"https:\/\/serbenidorm.daliisolutions.com\/index.php\/wp-json\/wp\/v2\/media\/13414"}],"wp:attachment":[{"href":"https:\/\/serbenidorm.daliisolutions.com\/index.php\/wp-json\/wp\/v2\/media?parent=13413"}],"wp:term":[{"taxonomy":"category","embeddable":true,"href":"https:\/\/serbenidorm.daliisolutions.com\/index.php\/wp-json\/wp\/v2\/categories?post=13413"},{"taxonomy":"post_tag","embeddable":true,"href":"https:\/\/serbenidorm.daliisolutions.com\/index.php\/wp-json\/wp\/v2\/tags?post=13413"}],"curies":[{"name":"wp","href":"https:\/\/api.w.org\/{rel}","templated":true}]}}