{"id":13415,"date":"2025-03-07T20:58:26","date_gmt":"2025-03-07T19:58:26","guid":{"rendered":"https:\/\/serbenidorm.daliisolutions.com\/index.php\/2025\/03\/07\/los-ninos-toman-la-central-de-la-policia-local-de-benidorm\/"},"modified":"2025-03-07T20:58:26","modified_gmt":"2025-03-07T19:58:26","slug":"los-ninos-toman-la-central-de-la-policia-local-de-benidorm","status":"publish","type":"post","link":"https:\/\/serbenidorm.daliisolutions.com\/index.php\/2025\/03\/07\/los-ninos-toman-la-central-de-la-policia-local-de-benidorm\/","title":{"rendered":"Los ni\u00f1os toman la central de la Polic\u00eda Local de Benidorm"},"content":{"rendered":"  <p><div data-adtype=\"MLDB\"><\/div><\/p>   <p>Benidorm<\/p>   <p>Hace m\u00e1s de una d\u00e9cada que la Polic\u00eda Local de Benidorm empez\u00f3 a dedicar una jornada cada a\u00f1o a abrir sus puertas a los m\u00e1s peque\u00f1os, una iniciativa del cuerpo junto a su asociaci\u00f3n sociocultural que les permite conocer las instalaciones, incluidas las celdas, <a href=\"https:\/\/cadenaser.com\/tag\/benidorm\/a\/\" target=\"_blank\">subir a los veh\u00edculos o fotografiarse junto a un perro de la unidad canina, parte favorita de la visita para la mayor\u00eda<\/a>.<\/p>   <p>Este viernes por la tarde decenas de ni\u00f1os, algunos de ellos con clara y prematura vocaci\u00f3n policial, han invadido junto a sus familias cada metro de la central, en cuyo patio se han dispuesto hinchables, chocolatada e incluso m\u00fasica, aunque se haya confundido con las sirenas que no se dejaban de probar haciendo la experiencia extensible a buena parte del barrio de Els Tolls.<\/p>  <p><p>M\u00e1s informaci\u00f3n<\/p><figure><img loading=\"lazy\" decoding=\"async\" src=\"https:\/\/cadenaser.com\/resizer\/v2\/OAUZG5JLDFFZXAPKM26XDHXDF4.jpeg?auth=30f31ba0a8258cd05391ecaba8f3115a7b5aba1f18d72ec8efcdfe55a64c2b60&amp;quality=70&amp;width=360&amp;height=202&amp;smart=true\" width=\"820\" height=\"621\" \/><\/figure><ul><li><a href=\"https:\/\/cadenaser.com\/comunitat-valenciana\/2025\/03\/06\/recuerdos-de-benidorm-y-la-sal-bertele-cumple-80-anos-radio-benidorm\/\"><span>Recuerdos de Benidorm y &#8216;La Sal&#8217;: B\u00e9rtele cumple 80 a\u00f1os<\/span><\/a><\/li><\/ul><\/p>   <p>El jefe de la Polic\u00eda Local, Lu\u00eds Ar\u00e9valo, ha explicado que esta actividad forma parte de la programaci\u00f3n con motivo del 181 aniversario de la Polic\u00eda. Una programaci\u00f3n que este s\u00e1bado tendr\u00e1 su d\u00eda m\u00e1s importante con la exhibici\u00f3n en la plaza del Ayuntamiento y el acto institucional en el sal\u00f3n de actos de la casa consistorial.<\/p>   <p>Por su parte, el presidente de la Asociaci\u00f3n Sociocultural de la Polic\u00eda Local, Rafael Urbano, ha enumerado algunas de las iniciativas que desarrollan a lo largo de todo el a\u00f1o haciendo hincapi\u00e9 en la carrera solidaria para recaudar fondos a favor de los ni\u00f1os con c\u00e1ncer.<\/p>   <p>Para el concejal de Seguridad Ciudadana, Jes\u00fas Carrobles, se trata de acercar la labor del cuerpo a los vecinos, uno de los esfuerzos que asegura est\u00e1n realizando desde el \u00e1rea de comunicaci\u00f3n y que en su opini\u00f3n est\u00e1 contribuyendo tambi\u00e9n e a que la seguridad sea una de las variables m\u00e1s valoradas de la ciudad para los turistas que la visitan.<\/p>   <p>     .c-w{         max-width:444px;         width:100%;         margin:32px auto;      background:#00755E;         border-radius:4px;         display:flex;         align-items:center;         justify-content:center;     }     .c-w a{         display:flex;         align-items:center;         justify-content:center;         padding:4px 24px;     }     .c-w img{         width:24px;         margin-right:12px;     }     .c-w p{         font:18px\/25px Poppins;         text-align:center;         color:#fff;         margin:0;     }     @media (max-width:444px){         .c-w a{             padding:4px 12px;         }         .c-w img{             width:24px;             margin-right:8px;         }         .c-w p{             font:14px\/25px Poppins;         }     }     @media (max-width:335px){         .c-w p{             font:13px\/25px Poppins;         }     }  <div class=\"c-w\">     <a href=\"https:\/\/www.whatsapp.com\/channel\/0029Va633PF9WtC4l7XUzh1e\" rel=\"nofollow\" target=\"_blank\">         <img decoding=\"async\" src=\"https:\/\/cadenaser.com\/estaticos\/recursosgraficos\/responsive\/img\/ico-whatsapp.svg\" alt=\"Whatsapp\">         <p>\u00danete al <b>canal de WhatsApp<\/b> de la SER<\/p>     <\/a> <\/div><\/p> ","protected":false},"excerpt":{"rendered":"<p>La jornada de puertas abiertas se ha convertido en una tradici\u00f3n de cada aniversario del cuerpo<\/p>\n","protected":false},"author":0,"featured_media":13416,"comment_status":"open","ping_status":"open","sticky":false,"template":"","format":"standard","meta":{"_acf_changed":false,"footnotes":""},"categories":[1],"tags":[],"class_list":["post-13415","post","type-post","status-publish","format-standard","has-post-thumbnail","hentry","category-sin-categoria"],"acf":{"ser_id":"MOLZHQ2PWFHEFIMRTIH5Q226AQ","ser_url":"https:\/\/cadenaser.com\/comunitat-valenciana\/2025\/03\/07\/los-ninos-toman-la-central-de-la-policia-local-de-benidorm-radio-benidorm\/"},"_links":{"self":[{"href":"https:\/\/serbenidorm.daliisolutions.com\/index.php\/wp-json\/wp\/v2\/posts\/13415","targetHints":{"allow":["GET"]}}],"collection":[{"href":"https:\/\/serbenidorm.daliisolutions.com\/index.php\/wp-json\/wp\/v2\/posts"}],"about":[{"href":"https:\/\/serbenidorm.daliisolutions.com\/index.php\/wp-json\/wp\/v2\/types\/post"}],"replies":[{"embeddable":true,"href":"https:\/\/serbenidorm.daliisolutions.com\/index.php\/wp-json\/wp\/v2\/comments?post=13415"}],"version-history":[{"count":0,"href":"https:\/\/serbenidorm.daliisolutions.com\/index.php\/wp-json\/wp\/v2\/posts\/13415\/revisions"}],"wp:featuredmedia":[{"embeddable":true,"href":"https:\/\/serbenidorm.daliisolutions.com\/index.php\/wp-json\/wp\/v2\/media\/13416"}],"wp:attachment":[{"href":"https:\/\/serbenidorm.daliisolutions.com\/index.php\/wp-json\/wp\/v2\/media?parent=13415"}],"wp:term":[{"taxonomy":"category","embeddable":true,"href":"https:\/\/serbenidorm.daliisolutions.com\/index.php\/wp-json\/wp\/v2\/categories?post=13415"},{"taxonomy":"post_tag","embeddable":true,"href":"https:\/\/serbenidorm.daliisolutions.com\/index.php\/wp-json\/wp\/v2\/tags?post=13415"}],"curies":[{"name":"wp","href":"https:\/\/api.w.org\/{rel}","templated":true}]}}