{"id":13417,"date":"2025-03-08T16:51:47","date_gmt":"2025-03-08T15:51:47","guid":{"rendered":"https:\/\/serbenidorm.daliisolutions.com\/index.php\/2025\/03\/08\/carlos-goni-revolver-estoy-atravesando-la-mejor-epoca-de-mi-vida\/"},"modified":"2025-03-08T16:51:47","modified_gmt":"2025-03-08T15:51:47","slug":"carlos-goni-revolver-estoy-atravesando-la-mejor-epoca-de-mi-vida","status":"publish","type":"post","link":"https:\/\/serbenidorm.daliisolutions.com\/index.php\/2025\/03\/08\/carlos-goni-revolver-estoy-atravesando-la-mejor-epoca-de-mi-vida\/","title":{"rendered":"Carlos Go\u00f1i (Rev\u00f3lver): \u00abEstoy atravesando la mejor \u00e9poca de mi vida\u00bb"},"content":{"rendered":"  <p><div data-adtype=\"MLDB\"><\/div><\/p>   <p>Benidorm<\/p>   <p>El m\u00fasico Carlos Go\u00f1i, l\u00edder de Rev\u00f3lver, visit\u00f3 el programa &#8216;A Vivir Benidorm&#8217; de Radio Benidorm-Cadena SER para hablar de su gira actual y de su trayectoria de m\u00e1s de 35 a\u00f1os en la m\u00fasica. En una charla cercana y cargada de an\u00e9cdotas, Go\u00f1i confes\u00f3 que atraviesa \u00abla mejor \u00e9poca\u00bb de su vida, disfrutando de cada concierto como el primer d\u00eda.<\/p>   <p><b>Un reencuentro con el p\u00fablico en La Nuc\u00eda<\/b><\/p>   <p>Carlos Go\u00f1i se mostr\u00f3 entusiasmado por su pr\u00f3ximo concierto en el Auditorio de La Nuc\u00eda, donde promete un directo cargado de emociones. \u00abNuestros conciertos son largos y damos el 100% en cada uno\u00bb, coment\u00f3. La gira &#8216;Playlist&#8217; est\u00e1 siendo una excusa perfecta para volver a los escenarios con un repertorio que combina sus grandes \u00e9xitos con versiones de ic\u00f3nicos temas del rock en espa\u00f1ol.<\/p>   <p><b>Un artista en su mejor momento<\/b><\/p>   <p>Durante la entrevista, el cantante y compositor destac\u00f3 que se siente \u00aben el mejor momento\u00bb de su carrera, tanto a nivel personal como profesional. \u00abCuando te rodeas de la gente que quieres y vives donde quieres vivir, todo encaja\u00bb, confes\u00f3. Esta paz interior se refleja en sus conciertos, donde el p\u00fablico puede disfrutar de un Go\u00f1i renovado, apasionado y m\u00e1s conectado que nunca con su m\u00fasica y sus seguidores.<\/p>   <p><b>&#8216;El Dorado&#8217; cumple 30 a\u00f1os con una gira exclusiva<\/b><\/p>   <p>Una de las grandes noticias que desvel\u00f3 en &#8216;A Vivir Benidorm&#8217; fue la celebraci\u00f3n del 30\u00ba aniversario de &#8216;El Dorado&#8217;, uno de los discos m\u00e1s ic\u00f3nicos de Rev\u00f3lver. Para conmemorarlo, ha preparado una serie de 11 conciertos exclusivos en los que interpretar\u00e1 el \u00e1lbum completo. \u00abSer\u00e1 algo especial, solo 11 fechas y sin posibilidad de ampliarlas\u00bb, asegur\u00f3 Go\u00f1i, adelantando que ser\u00e1 una oportunidad \u00fanica para revivir este cl\u00e1sico del rock en espa\u00f1ol.<\/p>   <p><b>Una sorpresa para La Nuc\u00eda<\/b><\/p>   <p>Para los asistentes al concierto en La Nuc\u00eda, Carlos Go\u00f1i dej\u00f3 entrever una sorpresa muy especial. \u00abVais a ver en el escenario a uno de los mejores m\u00fasicos del mundo\u00bb, anunci\u00f3 sin revelar m\u00e1s detalles. Con este misterioso adelanto, la expectaci\u00f3n por el concierto se ha disparado.<\/p>   <p>     .c-w{         max-width:444px;         width:100%;         margin:32px auto;      background:#00755E;         border-radius:4px;         display:flex;         align-items:center;         justify-content:center;     }     .c-w a{         display:flex;         align-items:center;         justify-content:center;         padding:4px 24px;     }     .c-w img{         width:24px;         margin-right:12px;     }     .c-w p{         font:18px\/25px Poppins;         text-align:center;         color:#fff;         margin:0;     }     @media (max-width:444px){         .c-w a{             padding:4px 12px;         }         .c-w img{             width:24px;             margin-right:8px;         }         .c-w p{             font:14px\/25px Poppins;         }     }     @media (max-width:335px){         .c-w p{             font:13px\/25px Poppins;         }     }  <div class=\"c-w\">     <a href=\"https:\/\/www.whatsapp.com\/channel\/0029Va633PF9WtC4l7XUzh1e\" rel=\"nofollow\" target=\"_blank\">         <img decoding=\"async\" src=\"https:\/\/cadenaser.com\/estaticos\/recursosgraficos\/responsive\/img\/ico-whatsapp.svg\" alt=\"Whatsapp\">         <p>\u00danete al <b>canal de WhatsApp<\/b> de la SER<\/p>     <\/a> <\/div><\/p>   <p>Si te perdiste la entrevista completa, puedes escucharla ahora en el podcast de &#8216;A Vivir Benidorm&#8217;.<\/p> ","protected":false},"excerpt":{"rendered":"<p>El cantante desembarca este domingo en La Nuc\u00eda en un concierto en el que ha avanzado que \u00abhabr\u00e1 una sorpresa porque me acompa\u00f1ar\u00e1 uno de los mejores m\u00fasicos del mundo\u00bb<\/p>\n","protected":false},"author":0,"featured_media":13418,"comment_status":"open","ping_status":"open","sticky":false,"template":"","format":"standard","meta":{"_acf_changed":false,"footnotes":""},"categories":[1],"tags":[],"class_list":["post-13417","post","type-post","status-publish","format-standard","has-post-thumbnail","hentry","category-sin-categoria"],"acf":{"ser_id":"QC3OUFEYAJENPNTK3P7FRYF4Y4","ser_url":"https:\/\/cadenaser.com\/comunitat-valenciana\/2025\/03\/08\/carlos-goni-revolver-estoy-atravesando-la-mejor-epoca-de-mi-vida-radio-benidorm\/"},"_links":{"self":[{"href":"https:\/\/serbenidorm.daliisolutions.com\/index.php\/wp-json\/wp\/v2\/posts\/13417","targetHints":{"allow":["GET"]}}],"collection":[{"href":"https:\/\/serbenidorm.daliisolutions.com\/index.php\/wp-json\/wp\/v2\/posts"}],"about":[{"href":"https:\/\/serbenidorm.daliisolutions.com\/index.php\/wp-json\/wp\/v2\/types\/post"}],"replies":[{"embeddable":true,"href":"https:\/\/serbenidorm.daliisolutions.com\/index.php\/wp-json\/wp\/v2\/comments?post=13417"}],"version-history":[{"count":0,"href":"https:\/\/serbenidorm.daliisolutions.com\/index.php\/wp-json\/wp\/v2\/posts\/13417\/revisions"}],"wp:featuredmedia":[{"embeddable":true,"href":"https:\/\/serbenidorm.daliisolutions.com\/index.php\/wp-json\/wp\/v2\/media\/13418"}],"wp:attachment":[{"href":"https:\/\/serbenidorm.daliisolutions.com\/index.php\/wp-json\/wp\/v2\/media?parent=13417"}],"wp:term":[{"taxonomy":"category","embeddable":true,"href":"https:\/\/serbenidorm.daliisolutions.com\/index.php\/wp-json\/wp\/v2\/categories?post=13417"},{"taxonomy":"post_tag","embeddable":true,"href":"https:\/\/serbenidorm.daliisolutions.com\/index.php\/wp-json\/wp\/v2\/tags?post=13417"}],"curies":[{"name":"wp","href":"https:\/\/api.w.org\/{rel}","templated":true}]}}