{"id":13421,"date":"2025-03-09T10:21:30","date_gmt":"2025-03-09T09:21:30","guid":{"rendered":"https:\/\/serbenidorm.daliisolutions.com\/index.php\/2025\/03\/09\/doble-triunfo-para-el-playas-de-benidorm-en-una-gran-tarde-de-voleibol\/"},"modified":"2025-03-09T10:21:30","modified_gmt":"2025-03-09T09:21:30","slug":"doble-triunfo-para-el-playas-de-benidorm-en-una-gran-tarde-de-voleibol","status":"publish","type":"post","link":"https:\/\/serbenidorm.daliisolutions.com\/index.php\/2025\/03\/09\/doble-triunfo-para-el-playas-de-benidorm-en-una-gran-tarde-de-voleibol\/","title":{"rendered":"Doble triunfo para el Playas de Benidorm en una gran tarde de voleibol"},"content":{"rendered":"  <p><div data-adtype=\"MLDB\"><\/div><\/p>   <p>Benidorm<\/p>   <p>La Superliga 2 de voleibol sigue acerc\u00e1ndose poco a poco al final de su fase regular y la clasificaci\u00f3n de la competici\u00f3n, tanto en su vertiente masculina como femenina, comienza ya a dar una imagen muy clara de c\u00f3mo ser\u00e1 cuando se baje el tel\u00f3n.<\/p>   <p>Una de las inc\u00f3gnitas que hasta este fin de semana quedaban por despejar era el del t\u00edtulo honor\u00edfico de mejor equipo de la comarca de la Marina Baixa en la Superliga 2 femenina y que finalmente, salvo sorpresa may\u00fascula, acabar\u00e1 siendo para el Servigroup Playas de Benidorm, que se impuso por 3-1 (25-20, 25-22, 20-25 y 25-21) para afianzarse en la quinta posici\u00f3n con ocho puntos de renta sobre las finestratenses cuando s\u00f3lo quedan 9 por disputarse.<\/p>   <p>En el lado masculino, el Servigroup Playas de Benidorm tambi\u00e9n afrontaba un derbi, en este caso provincial, ante el Villena-Petrer, un equipo que, yendo siempre a remolque de los de Adriano Lamb, nada pudo hacer para detener el empuje de los locales, que acabar\u00edan cerrando el partido por la v\u00eda r\u00e1pida con 3-0 (25-13, 25-21 y 25-17).<\/p>   <p>Tras esta derrota, el Villena-Petrer se queda, adem\u00e1s, sin opciones matem\u00e1ticas de acceder a la fase de ascenso ya que, con nueve puntos en juego, ya son diez los que lo separan del Legan\u00e9s, que ser\u00e1 el equipo que acompa\u00f1e al Servigroup Playas de Benidorm como segundo clasificado del Grupo C.<\/p>   <p>Tras esta 19\u00aa jornada, la fase de ascenso a la m\u00e1xima categor\u00eda ya tiene segura la presencia de Textil Santanderina (Grupo A), Bar\u00e7a (Grupo B), Legan\u00e9s (Grupo C) y, por supuesto, Servigroup Playas de Benidorm (Grupo C). Adem\u00e1s, se puede dar por descontada la concurrencia del Arona, que s\u00f3lo necesita sumar un punto m\u00e1s en las tres jornadas restantes para ser segundo en el Grupo A; as\u00ed como del Roquetes, al que le separan ya siete puntos (de nueve posibles) sobre el Zaragoza en el Grupo B.<\/p>   <p>     .c-w{         max-width:444px;         width:100%;         margin:32px auto;      background:#00755E;         border-radius:4px;         display:flex;         align-items:center;         justify-content:center;     }     .c-w a{         display:flex;         align-items:center;         justify-content:center;         padding:4px 24px;     }     .c-w img{         width:24px;         margin-right:12px;     }     .c-w p{         font:18px\/25px Poppins;         text-align:center;         color:#fff;         margin:0;     }     @media (max-width:444px){         .c-w a{             padding:4px 12px;         }         .c-w img{             width:24px;             margin-right:8px;         }         .c-w p{             font:14px\/25px Poppins;         }     }     @media (max-width:335px){         .c-w p{             font:13px\/25px Poppins;         }     }  <div class=\"c-w\">     <a href=\"https:\/\/www.whatsapp.com\/channel\/0029Va633PF9WtC4l7XUzh1e\" rel=\"nofollow\" target=\"_blank\">         <img decoding=\"async\" src=\"https:\/\/cadenaser.com\/estaticos\/recursosgraficos\/responsive\/img\/ico-whatsapp.svg\" alt=\"Whatsapp\">         <p>\u00danete al <b>canal de WhatsApp<\/b> de la SER<\/p>     <\/a> <\/div><\/p> ","protected":false},"excerpt":{"rendered":"<p>El equipo femenino se llev\u00f3 el derbi comarcal ante el Medsur-Finestrat<\/p>\n","protected":false},"author":0,"featured_media":13422,"comment_status":"open","ping_status":"open","sticky":false,"template":"","format":"standard","meta":{"_acf_changed":false,"footnotes":""},"categories":[16],"tags":[],"class_list":["post-13421","post","type-post","status-publish","format-standard","has-post-thumbnail","hentry","category-deportes"],"acf":{"ser_id":"V2OTEBJIR5EEBIAOOZ7LJA3SEY","ser_url":"https:\/\/cadenaser.com\/comunitat-valenciana\/2025\/03\/09\/doble-triunfo-para-el-playas-de-benidorm-en-una-gran-tarde-de-voleibol-radio-benidorm\/"},"_links":{"self":[{"href":"https:\/\/serbenidorm.daliisolutions.com\/index.php\/wp-json\/wp\/v2\/posts\/13421","targetHints":{"allow":["GET"]}}],"collection":[{"href":"https:\/\/serbenidorm.daliisolutions.com\/index.php\/wp-json\/wp\/v2\/posts"}],"about":[{"href":"https:\/\/serbenidorm.daliisolutions.com\/index.php\/wp-json\/wp\/v2\/types\/post"}],"replies":[{"embeddable":true,"href":"https:\/\/serbenidorm.daliisolutions.com\/index.php\/wp-json\/wp\/v2\/comments?post=13421"}],"version-history":[{"count":0,"href":"https:\/\/serbenidorm.daliisolutions.com\/index.php\/wp-json\/wp\/v2\/posts\/13421\/revisions"}],"wp:featuredmedia":[{"embeddable":true,"href":"https:\/\/serbenidorm.daliisolutions.com\/index.php\/wp-json\/wp\/v2\/media\/13422"}],"wp:attachment":[{"href":"https:\/\/serbenidorm.daliisolutions.com\/index.php\/wp-json\/wp\/v2\/media?parent=13421"}],"wp:term":[{"taxonomy":"category","embeddable":true,"href":"https:\/\/serbenidorm.daliisolutions.com\/index.php\/wp-json\/wp\/v2\/categories?post=13421"},{"taxonomy":"post_tag","embeddable":true,"href":"https:\/\/serbenidorm.daliisolutions.com\/index.php\/wp-json\/wp\/v2\/tags?post=13421"}],"curies":[{"name":"wp","href":"https:\/\/api.w.org\/{rel}","templated":true}]}}