{"id":13427,"date":"2025-03-10T17:31:44","date_gmt":"2025-03-10T16:31:44","guid":{"rendered":"https:\/\/serbenidorm.daliisolutions.com\/index.php\/2025\/03\/10\/el-c-f-la-nucia-atropella-al-rayo-ibense-y-mira-ya-al-ascenso-directo\/"},"modified":"2025-03-10T17:31:44","modified_gmt":"2025-03-10T16:31:44","slug":"el-c-f-la-nucia-atropella-al-rayo-ibense-y-mira-ya-al-ascenso-directo","status":"publish","type":"post","link":"https:\/\/serbenidorm.daliisolutions.com\/index.php\/2025\/03\/10\/el-c-f-la-nucia-atropella-al-rayo-ibense-y-mira-ya-al-ascenso-directo\/","title":{"rendered":"El C.F. La Nuc\u00eda atropella al Rayo Ibense y mira ya al ascenso directo"},"content":{"rendered":"  <p><div data-adtype=\"MLDB\"><\/div><\/p>   <p>Benidorm<\/p>   <p>La Tercera RFEF se va acercando, poco a poco, a su momento culminante y, tras un arranque de temporada dubitativo debido a las convulsiones vividas durante el verano, el C.F. La Nuc\u00eda parece haber encontrado, al fin, su mejor versi\u00f3n y ya no se conforma \u00fanicamente con pelear por meterse en los puestos de promoci\u00f3n de ascenso, sino que tras la victoria (y la buena imagen) dada ante el Rayo Ibense este fin de semana, se ha metido de lleno en la lucha por el liderato y, con \u00e9l, el ascenso directo a la Segunda RFEF.<\/p>   <p>El 4-0 cosechado en el Camilo Cano el pasado s\u00e1bado no es m\u00e1s que el reflejo del extraordinario partido protagonizado por los de Berna Ballester en la 25\u00aa jornada, un triunfo que ha colocado a los rojillos en la cuarta posici\u00f3n a s\u00f3lo dos puntos del liderato que ahora ostenta el Utiel, un equipo que a punto estuvo de descarrilar ante el C.F. Benidorm, al que le supo remontar un 0-2 en la localidad valenciana.<\/p>   <p>Con nueve jornadas todav\u00eda por delante, tanto el C.F. La Nuc\u00eda como el C.F. Benidorm tienen mucho trabajo por delante. Los primeros, para afianzarse en la zona noble y, con ello, mantener intactas sus (muchas) opciones de ascender por la v\u00eda directa. Los segundos, para aguantar lejos del descenso.<\/p> ","protected":false},"excerpt":{"rendered":"<p>El Benidorm estuvo a punto de dar la campanada ante el l\u00edder, que remont\u00f3 un 0-2 ante los de Javier Vidales<\/p>\n","protected":false},"author":0,"featured_media":13428,"comment_status":"open","ping_status":"open","sticky":false,"template":"","format":"standard","meta":{"_acf_changed":false,"footnotes":""},"categories":[16],"tags":[],"class_list":["post-13427","post","type-post","status-publish","format-standard","has-post-thumbnail","hentry","category-deportes"],"acf":{"ser_id":"A6UGGO6QLJHSXLXO4OLVLSF6BY","ser_url":"https:\/\/cadenaser.com\/comunitat-valenciana\/2025\/03\/10\/el-cf-la-nucia-atropella-al-rayo-ibense-y-mira-ya-al-ascenso-directo-radio-benidorm\/"},"_links":{"self":[{"href":"https:\/\/serbenidorm.daliisolutions.com\/index.php\/wp-json\/wp\/v2\/posts\/13427","targetHints":{"allow":["GET"]}}],"collection":[{"href":"https:\/\/serbenidorm.daliisolutions.com\/index.php\/wp-json\/wp\/v2\/posts"}],"about":[{"href":"https:\/\/serbenidorm.daliisolutions.com\/index.php\/wp-json\/wp\/v2\/types\/post"}],"replies":[{"embeddable":true,"href":"https:\/\/serbenidorm.daliisolutions.com\/index.php\/wp-json\/wp\/v2\/comments?post=13427"}],"version-history":[{"count":0,"href":"https:\/\/serbenidorm.daliisolutions.com\/index.php\/wp-json\/wp\/v2\/posts\/13427\/revisions"}],"wp:featuredmedia":[{"embeddable":true,"href":"https:\/\/serbenidorm.daliisolutions.com\/index.php\/wp-json\/wp\/v2\/media\/13428"}],"wp:attachment":[{"href":"https:\/\/serbenidorm.daliisolutions.com\/index.php\/wp-json\/wp\/v2\/media?parent=13427"}],"wp:term":[{"taxonomy":"category","embeddable":true,"href":"https:\/\/serbenidorm.daliisolutions.com\/index.php\/wp-json\/wp\/v2\/categories?post=13427"},{"taxonomy":"post_tag","embeddable":true,"href":"https:\/\/serbenidorm.daliisolutions.com\/index.php\/wp-json\/wp\/v2\/tags?post=13427"}],"curies":[{"name":"wp","href":"https:\/\/api.w.org\/{rel}","templated":true}]}}