{"id":13429,"date":"2025-03-10T19:55:06","date_gmt":"2025-03-10T18:55:06","guid":{"rendered":"https:\/\/serbenidorm.daliisolutions.com\/index.php\/2025\/03\/10\/el-justiprecio-de-una-parcela-en-la-calle-italia-de-benidorm-y-el-borrado-de-un-correo-provocan-un-nuevo-choque-entre-pp-y-psoe\/"},"modified":"2025-03-10T19:55:06","modified_gmt":"2025-03-10T18:55:06","slug":"el-justiprecio-de-una-parcela-en-la-calle-italia-de-benidorm-y-el-borrado-de-un-correo-provocan-un-nuevo-choque-entre-pp-y-psoe","status":"publish","type":"post","link":"https:\/\/serbenidorm.daliisolutions.com\/index.php\/2025\/03\/10\/el-justiprecio-de-una-parcela-en-la-calle-italia-de-benidorm-y-el-borrado-de-un-correo-provocan-un-nuevo-choque-entre-pp-y-psoe\/","title":{"rendered":"El justiprecio de una parcela en la calle Italia de Benidorm y el borrado de un correo provocan un nuevo choque entre PP y PSOE"},"content":{"rendered":"  <p><div data-adtype=\"MLDB\"><\/div><\/p>   <p>Benidorm<\/p>   <p>El PP y el PSOE se enfrentan de nuevo debido a la eliminaci\u00f3n de una notificaci\u00f3n electr\u00f3nica relacionada con la expropiaci\u00f3n de una parcela de casi 500 metros cuadrados en la calle Italia. <a href=\"https:\/\/cadenaser.com\/tag\/benidorm\/a\/\" target=\"_blank\">El Jurado Provincial de Expropiaci\u00f3n Forzosa de Alicante estableci\u00f3 el valor de este terreno en m\u00e1s de 360.000 euros<\/a>, cifra que supera con creces la estimaci\u00f3n inicial del Ayuntamiento, que era de menos de 140.000 euros.<\/p>   <p>Tras conocer el dato, adelantado este lunes por el digital Alicante Plaza, la oposici\u00f3n del Grupo municipal Socialista le ha imputado a la concejala de Urbanismo y portavoz del gobierno local, Lourdes Caselles, el borrado una notificaci\u00f3n del tribunal encargado de ese justiprecio; un hecho que, aseguran, ha costado 221.000 euros a las arcas p\u00fablicas, es decir, le atribuyen el sobrecoste por no haber reaccionado a tiempo agotando las v\u00edas ordinarias de recurso.<\/p>  <p><p>M\u00e1s informaci\u00f3n<\/p><figure><img loading=\"lazy\" decoding=\"async\" src=\"https:\/\/cadenaser.com\/resizer\/v2\/V6D2JPZ5UVCLJCVNIF5GGUKYGA.jpeg?auth=b29978c557be69559c2003b692c3a05db8276103e276efa8b610384f564ec140&amp;quality=70&amp;width=360&amp;height=202&amp;smart=true\" width=\"820\" height=\"621\" \/><\/figure><ul><li><a href=\"https:\/\/cadenaser.com\/comunitat-valenciana\/2025\/03\/07\/el-servicio-de-limpieza-y-basura-de-benidorm-se-encarece-mas-de-un-5-este-2025-radio-benidorm\/\"><span>El servicio de limpieza y basura de Benidorm se encarece m\u00e1s de un 5 % este 2025<\/span><\/a><\/li><\/ul><\/p>   <p>\u00abDebe dar explicaciones de forma inmediata y asumir responsabilidades dimitiendo, o de lo contrario ser\u00e1 el alcalde Toni P\u00e9rez, quien asuma en primera persona la culpa de este esc\u00e1ndalo\u00bb, ha subrayado la portavoz del PSOE Cristina Escoda.<\/p>   <p>Tras estas acusaciones Caselles ha pedido a Escoda una disculpa p\u00fablica, calific\u00e1ndolas de falsas y graves. La edil popular ha afirmado que un informe de la empresa gestora de la plataforma municipal, fechado el 29 de enero, identifica al usuario que elimin\u00f3 la notificaci\u00f3n y que ella no fue la responsable. Adem\u00e1s, ha instado a Escoda a proporcionar los documentos que respaldar\u00edan sus acusaciones.<\/p>   <p>Mientras tanto el ejecutivo va a recurrir de manera extraordinaria al tribunal para que revise el justiprecio: \u00abla Junta de Gobierno Local aprob\u00f3 el pasado 3 de marzo la presentaci\u00f3n de dicho recurso, extremo que siendo p\u00fablico la se\u00f1ora Escoda no deber\u00eda ni puede desconocer\u00bb, ha se\u00f1alado Caselles.<\/p>   <p>     .c-w{         max-width:444px;         width:100%;         margin:32px auto;      background:#00755E;         border-radius:4px;         display:flex;         align-items:center;         justify-content:center;     }     .c-w a{         display:flex;         align-items:center;         justify-content:center;         padding:4px 24px;     }     .c-w img{         width:24px;         margin-right:12px;     }     .c-w p{         font:18px\/25px Poppins;         text-align:center;         color:#fff;         margin:0;     }     @media (max-width:444px){         .c-w a{             padding:4px 12px;         }         .c-w img{             width:24px;             margin-right:8px;         }         .c-w p{             font:14px\/25px Poppins;         }     }     @media (max-width:335px){         .c-w p{             font:13px\/25px Poppins;         }     }  <div class=\"c-w\">     <a href=\"https:\/\/www.whatsapp.com\/channel\/0029Va633PF9WtC4l7XUzh1e\" rel=\"nofollow\" target=\"_blank\">         <img decoding=\"async\" src=\"https:\/\/cadenaser.com\/estaticos\/recursosgraficos\/responsive\/img\/ico-whatsapp.svg\" alt=\"Whatsapp\">         <p>\u00danete al <b>canal de WhatsApp<\/b> de la SER<\/p>     <\/a> <\/div><\/p> ","protected":false},"excerpt":{"rendered":"<p>La oposici\u00f3n acusa a la concejala de Urbanismo de eliminar esa notificaci\u00f3n, acusaci\u00f3n falsa y \u00abmuy grave\u00bb para el gobierno <\/p>\n","protected":false},"author":0,"featured_media":13430,"comment_status":"open","ping_status":"open","sticky":false,"template":"","format":"standard","meta":{"_acf_changed":false,"footnotes":""},"categories":[1],"tags":[],"class_list":["post-13429","post","type-post","status-publish","format-standard","has-post-thumbnail","hentry","category-sin-categoria"],"acf":{"ser_id":"EH5XGD7XPJELBG2LBJV6UULQIE","ser_url":"https:\/\/cadenaser.com\/comunitat-valenciana\/2025\/03\/10\/el-justiprecio-de-una-parcela-de-la-calle-italia-de-benidorm-y-el-borrado-de-un-correo-provocan-un-nuevo-choque-entre-gobierno-y-oposicion-radio-benidorm\/"},"_links":{"self":[{"href":"https:\/\/serbenidorm.daliisolutions.com\/index.php\/wp-json\/wp\/v2\/posts\/13429","targetHints":{"allow":["GET"]}}],"collection":[{"href":"https:\/\/serbenidorm.daliisolutions.com\/index.php\/wp-json\/wp\/v2\/posts"}],"about":[{"href":"https:\/\/serbenidorm.daliisolutions.com\/index.php\/wp-json\/wp\/v2\/types\/post"}],"replies":[{"embeddable":true,"href":"https:\/\/serbenidorm.daliisolutions.com\/index.php\/wp-json\/wp\/v2\/comments?post=13429"}],"version-history":[{"count":0,"href":"https:\/\/serbenidorm.daliisolutions.com\/index.php\/wp-json\/wp\/v2\/posts\/13429\/revisions"}],"wp:featuredmedia":[{"embeddable":true,"href":"https:\/\/serbenidorm.daliisolutions.com\/index.php\/wp-json\/wp\/v2\/media\/13430"}],"wp:attachment":[{"href":"https:\/\/serbenidorm.daliisolutions.com\/index.php\/wp-json\/wp\/v2\/media?parent=13429"}],"wp:term":[{"taxonomy":"category","embeddable":true,"href":"https:\/\/serbenidorm.daliisolutions.com\/index.php\/wp-json\/wp\/v2\/categories?post=13429"},{"taxonomy":"post_tag","embeddable":true,"href":"https:\/\/serbenidorm.daliisolutions.com\/index.php\/wp-json\/wp\/v2\/tags?post=13429"}],"curies":[{"name":"wp","href":"https:\/\/api.w.org\/{rel}","templated":true}]}}