{"id":13431,"date":"2025-03-10T19:55:06","date_gmt":"2025-03-10T18:55:06","guid":{"rendered":"https:\/\/serbenidorm.daliisolutions.com\/index.php\/2025\/03\/10\/trafico-en-benidorm-las-fallas-provocan-los-primeros-cortes\/"},"modified":"2025-03-10T19:55:06","modified_gmt":"2025-03-10T18:55:06","slug":"trafico-en-benidorm-las-fallas-provocan-los-primeros-cortes","status":"publish","type":"post","link":"https:\/\/serbenidorm.daliisolutions.com\/index.php\/2025\/03\/10\/trafico-en-benidorm-las-fallas-provocan-los-primeros-cortes\/","title":{"rendered":"Tr\u00e1fico en Benidorm: las Fallas provocan los primeros cortes"},"content":{"rendered":"  <p><div data-adtype=\"MLDB\"><\/div><\/p>   <p>Benidorm<\/p>   <p>Primeros cortes y desv\u00edos de tr\u00e1fico en la capital tur\u00edstica a partir de esta semana con motivo de la celebraci\u00f3n de las Fallas y que se localizan en las zonas cercanas a los puntos en los que se plantan los monumentos de las entidades festeras. Los primeros que van a empezar a operar son los que afectan a las zonas en las que se montan ferias, <a href=\"https:\/\/cadenaser.com\/tag\/benidorm\/a\/\" target=\"_blank\">monumentos y casales de las fallas de Els Tolls y el Rinc\u00f3n de Loix<\/a>.<\/p>   <p>En la zona centro, por la instalaci\u00f3n de la feria de la Falla Els Tolls, los cortes se producir\u00e1n a partir de este jueves, 13 de marzo, a las 23.30 horas, y se prolongar\u00e1n durante una semana, hasta el jueves, d\u00eda 20 a las 3 horas. <\/p>  <p><p>M\u00e1s informaci\u00f3n<\/p><figure><img loading=\"lazy\" decoding=\"async\" src=\"https:\/\/cadenaser.com\/resizer\/v2\/OYURI3UZ7RHWVGCAWLPXI5DGEA.jpeg?auth=69e90cb8e5d6f744ef5c1fada1e3f2de4b7689d19870679fc6057df94ff97bbf&amp;quality=70&amp;width=360&amp;height=202&amp;smart=true\" width=\"820\" height=\"621\" \/><\/figure><ul><li><a href=\"https:\/\/cadenaser.com\/comunitat-valenciana\/2025\/03\/07\/los-ninos-toman-la-central-de-la-policia-local-de-benidorm-radio-benidorm\/\"><span>Los ni\u00f1os toman la central de la Polic\u00eda Local de Benidorm<\/span><\/a><\/li><\/ul><\/p>   <p>En concreto, estar\u00e1 cerrado al tr\u00e1fico en sentido de entrada el tramo de la calle Tom\u00e1s Ortu\u00f1o entre las calles Marte-Venus y Ondulada. Tanto la salida de veh\u00edculos desde la calle Ondulada como desde Maravall hacia El Cruce estar\u00e1n operativas.<\/p>   <p>Por otra parte, en el Rinc\u00f3n de Loix, tambi\u00e9n se ha cerrado ya al tr\u00e1fico un tramo de la avenida Ametlla del Mar, desde la calle Estocolmo hasta la avenida de Madrid, para el montaje de la carpa de esta comisi\u00f3n fallera. Este corte se ampliar\u00e1 hasta la avenida del Mediterr\u00e1neo a partir de la noche del pr\u00f3ximo mi\u00e9rcoles, d\u00eda 13, y se prolongar\u00e1 hasta el d\u00eda 21 de marzo.<\/p>   <p>El concejal de Movilidad, Francis Mu\u00f1oz, ha se\u00f1alado que al cierre de estas v\u00edas al tr\u00e1fico se sumar\u00e1n tambi\u00e9n cortes puntuales durante las fiestas josefinas: \u00abA partir del lunes, 17 de marzo, para la celebraci\u00f3n de pasacalles, desfiles, eventos pirot\u00e9cnicos o crem\u00e0 de los monumentos, de los que se dar\u00e1 debida cuenta en los pr\u00f3ximos d\u00edas\u00bb.<\/p>   <p>     .c-w{         max-width:444px;         width:100%;         margin:32px auto;      background:#00755E;         border-radius:4px;         display:flex;         align-items:center;         justify-content:center;     }     .c-w a{         display:flex;         align-items:center;         justify-content:center;         padding:4px 24px;     }     .c-w img{         width:24px;         margin-right:12px;     }     .c-w p{         font:18px\/25px Poppins;         text-align:center;         color:#fff;         margin:0;     }     @media (max-width:444px){         .c-w a{             padding:4px 12px;         }         .c-w img{             width:24px;             margin-right:8px;         }         .c-w p{             font:14px\/25px Poppins;         }     }     @media (max-width:335px){         .c-w p{             font:13px\/25px Poppins;         }     }  <div class=\"c-w\">     <a href=\"https:\/\/www.whatsapp.com\/channel\/0029Va633PF9WtC4l7XUzh1e\" rel=\"nofollow\" target=\"_blank\">         <img decoding=\"async\" src=\"https:\/\/cadenaser.com\/estaticos\/recursosgraficos\/responsive\/img\/ico-whatsapp.svg\" alt=\"Whatsapp\">         <p>\u00danete al <b>canal de WhatsApp<\/b> de la SER<\/p>     <\/a> <\/div><\/p> ","protected":false},"excerpt":{"rendered":"<p>Las instalaciones de las tres comisiones (Centro, Rinc\u00f3n de Loix y Els Tolls) provocan desv\u00edos en varias zonas de la ciudad<\/p>\n","protected":false},"author":0,"featured_media":13432,"comment_status":"open","ping_status":"open","sticky":false,"template":"","format":"standard","meta":{"_acf_changed":false,"footnotes":""},"categories":[1],"tags":[],"class_list":["post-13431","post","type-post","status-publish","format-standard","has-post-thumbnail","hentry","category-sin-categoria"],"acf":{"ser_id":"HTR6MAHTRRF7FKRIIUWVLMKIIU","ser_url":"https:\/\/cadenaser.com\/comunitat-valenciana\/2025\/03\/10\/trafico-en-benidorm-las-fallas-provocan-los-primeros-cortes-radio-benidorm\/"},"_links":{"self":[{"href":"https:\/\/serbenidorm.daliisolutions.com\/index.php\/wp-json\/wp\/v2\/posts\/13431","targetHints":{"allow":["GET"]}}],"collection":[{"href":"https:\/\/serbenidorm.daliisolutions.com\/index.php\/wp-json\/wp\/v2\/posts"}],"about":[{"href":"https:\/\/serbenidorm.daliisolutions.com\/index.php\/wp-json\/wp\/v2\/types\/post"}],"replies":[{"embeddable":true,"href":"https:\/\/serbenidorm.daliisolutions.com\/index.php\/wp-json\/wp\/v2\/comments?post=13431"}],"version-history":[{"count":0,"href":"https:\/\/serbenidorm.daliisolutions.com\/index.php\/wp-json\/wp\/v2\/posts\/13431\/revisions"}],"wp:featuredmedia":[{"embeddable":true,"href":"https:\/\/serbenidorm.daliisolutions.com\/index.php\/wp-json\/wp\/v2\/media\/13432"}],"wp:attachment":[{"href":"https:\/\/serbenidorm.daliisolutions.com\/index.php\/wp-json\/wp\/v2\/media?parent=13431"}],"wp:term":[{"taxonomy":"category","embeddable":true,"href":"https:\/\/serbenidorm.daliisolutions.com\/index.php\/wp-json\/wp\/v2\/categories?post=13431"},{"taxonomy":"post_tag","embeddable":true,"href":"https:\/\/serbenidorm.daliisolutions.com\/index.php\/wp-json\/wp\/v2\/tags?post=13431"}],"curies":[{"name":"wp","href":"https:\/\/api.w.org\/{rel}","templated":true}]}}