{"id":13433,"date":"2025-03-11T11:13:30","date_gmt":"2025-03-11T10:13:30","guid":{"rendered":"https:\/\/serbenidorm.daliisolutions.com\/index.php\/2025\/03\/11\/nuevo-reves-para-el-balonmano-benidorm-ramiro-martinez-sera-baja-para-lo-que-resta-de-temporada\/"},"modified":"2025-03-11T11:13:30","modified_gmt":"2025-03-11T10:13:30","slug":"nuevo-reves-para-el-balonmano-benidorm-ramiro-martinez-sera-baja-para-lo-que-resta-de-temporada","status":"publish","type":"post","link":"https:\/\/serbenidorm.daliisolutions.com\/index.php\/2025\/03\/11\/nuevo-reves-para-el-balonmano-benidorm-ramiro-martinez-sera-baja-para-lo-que-resta-de-temporada\/","title":{"rendered":"Nuevo rev\u00e9s para el Balonmano Benidorm: Ramiro Mart\u00ednez ser\u00e1 baja para lo que resta de temporada"},"content":{"rendered":"  <p><div data-adtype=\"MLDB\"><\/div><\/p>   <p>Benidorm<\/p>   <p>La pelea por la permanencia en la Liga Asobal del Servigroup Hoteles Benidorm se sigue complicando despu\u00e9s de que el Club Balonmano Benidorm haya confirmado que el extremo derecho argentino Ramiro Mart\u00ednez no podr\u00e1 volver a las canchas en todo lo que resta de temporada.<\/p>   <p>\u2018Rami\u2019, que sufri\u00f3 una lesi\u00f3n durante la disputa del primer partido de la segunda vuelta liguera ante el Guadalajara, se ha sometido a distintas pruebas m\u00e9dicas que han confirmado una rotura del labrum.<\/p>   <p>Con este diagn\u00f3stico, se hace necesario el paso del jugador por el quir\u00f3fano en los pr\u00f3ximos d\u00edas y el plazo de recuperaci\u00f3n har\u00e1 imposible el concurso del extremo derecho con el equipo en lo que resta de curso.<\/p>   <p>De forma paralela, el Club Balonmano Benidorm contin\u00faa con las negociaciones para cerrar el acuerdo con el nuevo entrenador que deber\u00e1 sustituir en el banquillo a Sergio Carballeira, destituido el pasado viernes.<\/p> ","protected":false},"excerpt":{"rendered":"<p>El jugador tendr\u00e1 que pasar por el quir\u00f3fano y no podr\u00e1 volver a las canchas este curso<\/p>\n","protected":false},"author":0,"featured_media":13434,"comment_status":"open","ping_status":"open","sticky":false,"template":"","format":"standard","meta":{"_acf_changed":false,"footnotes":""},"categories":[16],"tags":[],"class_list":["post-13433","post","type-post","status-publish","format-standard","has-post-thumbnail","hentry","category-deportes"],"acf":{"ser_id":"LMOB5WR2BBG7DC74VD54DM5YLM","ser_url":"https:\/\/cadenaser.com\/comunitat-valenciana\/2025\/03\/11\/nuevo-reves-para-el-balonmano-benidorm-ramiro-martinez-sera-baja-para-lo-que-resta-de-temporada-radio-benidorm\/"},"_links":{"self":[{"href":"https:\/\/serbenidorm.daliisolutions.com\/index.php\/wp-json\/wp\/v2\/posts\/13433","targetHints":{"allow":["GET"]}}],"collection":[{"href":"https:\/\/serbenidorm.daliisolutions.com\/index.php\/wp-json\/wp\/v2\/posts"}],"about":[{"href":"https:\/\/serbenidorm.daliisolutions.com\/index.php\/wp-json\/wp\/v2\/types\/post"}],"replies":[{"embeddable":true,"href":"https:\/\/serbenidorm.daliisolutions.com\/index.php\/wp-json\/wp\/v2\/comments?post=13433"}],"version-history":[{"count":0,"href":"https:\/\/serbenidorm.daliisolutions.com\/index.php\/wp-json\/wp\/v2\/posts\/13433\/revisions"}],"wp:featuredmedia":[{"embeddable":true,"href":"https:\/\/serbenidorm.daliisolutions.com\/index.php\/wp-json\/wp\/v2\/media\/13434"}],"wp:attachment":[{"href":"https:\/\/serbenidorm.daliisolutions.com\/index.php\/wp-json\/wp\/v2\/media?parent=13433"}],"wp:term":[{"taxonomy":"category","embeddable":true,"href":"https:\/\/serbenidorm.daliisolutions.com\/index.php\/wp-json\/wp\/v2\/categories?post=13433"},{"taxonomy":"post_tag","embeddable":true,"href":"https:\/\/serbenidorm.daliisolutions.com\/index.php\/wp-json\/wp\/v2\/tags?post=13433"}],"curies":[{"name":"wp","href":"https:\/\/api.w.org\/{rel}","templated":true}]}}