{"id":13435,"date":"2025-03-11T14:36:43","date_gmt":"2025-03-11T13:36:43","guid":{"rendered":"https:\/\/serbenidorm.daliisolutions.com\/index.php\/2025\/03\/11\/el-kilometro-vertical-del-puig-campana-reunira-a-los-mejores-especialistas-del-pais\/"},"modified":"2025-03-11T14:36:43","modified_gmt":"2025-03-11T13:36:43","slug":"el-kilometro-vertical-del-puig-campana-reunira-a-los-mejores-especialistas-del-pais","status":"publish","type":"post","link":"https:\/\/serbenidorm.daliisolutions.com\/index.php\/2025\/03\/11\/el-kilometro-vertical-del-puig-campana-reunira-a-los-mejores-especialistas-del-pais\/","title":{"rendered":"El Kil\u00f3metro Vertical del Puig Campana reunir\u00e1 a los mejores especialistas del pa\u00eds"},"content":{"rendered":"  <p><div data-adtype=\"MLDB\"><\/div><\/p>   <p>Benidorm<\/p>   <p>Es, a la vez, una de las pruebas m\u00e1s bellas y m\u00e1s duras de la Comunitat Valenciana y, por ello, el Kil\u00f3metro Vertical del Puig Campana, que este a\u00f1o llega a su 16\u00aa edici\u00f3n, computar\u00e1 tambi\u00e9n como Campeonato Auton\u00f3mico de la disciplina el pr\u00f3ximo d\u00eda 16 de marzo. Ser\u00e1 entonces cuando los participantes se enfrenten a esta ya consolidada contrarreloj que, partiendo desde la Font del Mol\u00ed de Finestrat y arribando a la cima del Puig Campana salva un desnivel de 1.040 metros en s\u00f3lo 3.600 metros de recorrido.<\/p>   <p>Cuando las cosas funcionan no es necesario hacer grandes \u2018inventos\u2019 y, por ello, la cita finestratense no va a presentar cambios significativos en su desarrollo respecto a lo ya visto en a\u00f1os anteriores. Tal y como ha explicado el responsable de la misma, Romualdo Dom\u00e9nech, los participantes partir\u00e1n desde el centro del casco hist\u00f3rico de Finestrat y \u201cde manera neutralizada hasta la Font del Mol\u00ed\u201d, donde se ubicar\u00e1 el control de tiempo de salida.<\/p>   <p>Desde all\u00ed, todos ellos se medir\u00e1n \u201cal kil\u00f3metro m\u00e1s vertical de la provincia\u201d para llegar a \u201cla meta, que estar\u00e1 en la cima del Puig Campana\u201d. Una vez all\u00ed, y de nuevo de manera neutralizada, \u201cla bajada se realizar\u00e1 por el sendero bot\u00e1nico de la Umbr\u00eda del Puig Campana hasta el Coll de Pouet, por el sendero del Cam\u00ed de la Serra hasta la Font del Mol\u00ed. Y desde all\u00ed, regreso a la Pla\u00e7a donde iniciaron la salida\u201d.<\/p>   <p>En total, \u201cser\u00e1n 13,7 kil\u00f3metros de recorrido\u201d para las categor\u00edas Absoluta, Junior, Juvenil y Cadete.<\/p>   <p><b>Los mejores estar\u00e1n en Finestrat<\/b><\/p>   <p>El Kil\u00f3metro Vertical del Puig Campana tambi\u00e9n es Campeonato Auton\u00f3mico y eso har\u00e1 que la cita re\u00fana a los mejores deportistas de la especialidad como los ya confirmados \u00c1ngel L\u00f3pez Amor, Laurence Rastell, Pau Moreno Badenes, Aritz Unamuno, Carlos Garc\u00eda Hurtado, Hannan et Taba, el corredor local, Vicente Llorca Climent \u201cTato\u201d y la corredora invidente ya habitual en esta cita, Lidia Aguilar.<\/p>   <p>     .c-w{         max-width:444px;         width:100%;         margin:32px auto;      background:#00755E;         border-radius:4px;         display:flex;         align-items:center;         justify-content:center;     }     .c-w a{         display:flex;         align-items:center;         justify-content:center;         padding:4px 24px;     }     .c-w img{         width:24px;         margin-right:12px;     }     .c-w p{         font:18px\/25px Poppins;         text-align:center;         color:#fff;         margin:0;     }     @media (max-width:444px){         .c-w a{             padding:4px 12px;         }         .c-w img{             width:24px;             margin-right:8px;         }         .c-w p{             font:14px\/25px Poppins;         }     }     @media (max-width:335px){         .c-w p{             font:13px\/25px Poppins;         }     }  <div class=\"c-w\">     <a href=\"https:\/\/www.whatsapp.com\/channel\/0029Va633PF9WtC4l7XUzh1e\" rel=\"nofollow\" target=\"_blank\">         <img decoding=\"async\" src=\"https:\/\/cadenaser.com\/estaticos\/recursosgraficos\/responsive\/img\/ico-whatsapp.svg\" alt=\"Whatsapp\">         <p>\u00danete al <b>canal de WhatsApp<\/b> de la SER<\/p>     <\/a> <\/div><\/p>   <p>\u201cDe momento, van m\u00e1s de un centenar de inscritos procedentes de toda la geograf\u00eda espa\u00f1ola\u201d, ha apuntado un Dom\u00e9nech que ha recordado que las inscripciones siguen abiertas hasta el \u201cpr\u00f3ximo d\u00eda 16\u201d.<\/p> ","protected":false},"excerpt":{"rendered":"<p>La cita de Finestrat volver\u00e1 a coronar a los campeones auton\u00f3micos de la disciplina<\/p>\n","protected":false},"author":0,"featured_media":13436,"comment_status":"open","ping_status":"open","sticky":false,"template":"","format":"standard","meta":{"_acf_changed":false,"footnotes":""},"categories":[16],"tags":[],"class_list":["post-13435","post","type-post","status-publish","format-standard","has-post-thumbnail","hentry","category-deportes"],"acf":{"ser_id":"ZCX4D4JMN5CGBCMFFSQKOISDTI","ser_url":"https:\/\/cadenaser.com\/comunitat-valenciana\/2025\/03\/11\/el-kilometro-vertical-del-puig-campana-reunira-a-los-mejores-especialistas-del-pais-radio-benidorm\/"},"_links":{"self":[{"href":"https:\/\/serbenidorm.daliisolutions.com\/index.php\/wp-json\/wp\/v2\/posts\/13435","targetHints":{"allow":["GET"]}}],"collection":[{"href":"https:\/\/serbenidorm.daliisolutions.com\/index.php\/wp-json\/wp\/v2\/posts"}],"about":[{"href":"https:\/\/serbenidorm.daliisolutions.com\/index.php\/wp-json\/wp\/v2\/types\/post"}],"replies":[{"embeddable":true,"href":"https:\/\/serbenidorm.daliisolutions.com\/index.php\/wp-json\/wp\/v2\/comments?post=13435"}],"version-history":[{"count":0,"href":"https:\/\/serbenidorm.daliisolutions.com\/index.php\/wp-json\/wp\/v2\/posts\/13435\/revisions"}],"wp:featuredmedia":[{"embeddable":true,"href":"https:\/\/serbenidorm.daliisolutions.com\/index.php\/wp-json\/wp\/v2\/media\/13436"}],"wp:attachment":[{"href":"https:\/\/serbenidorm.daliisolutions.com\/index.php\/wp-json\/wp\/v2\/media?parent=13435"}],"wp:term":[{"taxonomy":"category","embeddable":true,"href":"https:\/\/serbenidorm.daliisolutions.com\/index.php\/wp-json\/wp\/v2\/categories?post=13435"},{"taxonomy":"post_tag","embeddable":true,"href":"https:\/\/serbenidorm.daliisolutions.com\/index.php\/wp-json\/wp\/v2\/tags?post=13435"}],"curies":[{"name":"wp","href":"https:\/\/api.w.org\/{rel}","templated":true}]}}