{"id":13437,"date":"2025-03-11T16:28:55","date_gmt":"2025-03-11T15:28:55","guid":{"rendered":"https:\/\/serbenidorm.daliisolutions.com\/index.php\/2025\/03\/11\/la-falla-del-rincon-de-loix-lista-para-vivir-los-festejos-de-san-jose\/"},"modified":"2025-03-11T16:28:55","modified_gmt":"2025-03-11T15:28:55","slug":"la-falla-del-rincon-de-loix-lista-para-vivir-los-festejos-de-san-jose","status":"publish","type":"post","link":"https:\/\/serbenidorm.daliisolutions.com\/index.php\/2025\/03\/11\/la-falla-del-rincon-de-loix-lista-para-vivir-los-festejos-de-san-jose\/","title":{"rendered":"La Falla del Rinc\u00f3n de Loix, lista para vivir los festejos de San Jos\u00e9"},"content":{"rendered":"  <p><div data-adtype=\"MLDB\"><\/div><\/p>   <p>Benidorm<\/p>   <p>La Comisi\u00f3n de la Falla Rinc\u00f3n de Loix se prepara ya para vivir sus fiestas grandes en honor a San Jos\u00e9, que dar\u00e1n inicio con la \u201cPlant\u00e0\u201d del monumento fallero, prevista para el pr\u00f3ximo 15 de marzo y tendr\u00e1n su punto \u00e1lgido en la \u201cNit de la Crem\u00e0\u201d del 19 de marzo en la que las fallas ser\u00e1n pasto de las llamas.<\/p>   <p>Las Falleras Mayor e Infantil y los respectivos presidentes han pasado por <a href=\"https:\/\/radiobenidorm.es\" target=\"_blank\" rel=\"nofollow\" title=\"https:\/\/radiobenidorm.es\">Hoy por Hoy Benidorm<\/a> para invitar a los benidormenses y vecinos de la Marina Baixa a \u201cvivir las fallas\u201d porque, afirman, \u201cson unas fiesta muy abiertas y en las que todos los miembros de la comisi\u00f3n nos sentimos una gran familia\u201d.<\/p>   <p>Olaya Garc\u00eda y Ariadna Orgil\u00e9s repiten como Fallera Mayor y Fallera Mayor Infantil respectivamente y afirman que aunque ya tienen experiencia y van a vivir este segundo reinado \u201ccon m\u00e1s tranquilidad y sin tantos nervios\u201d, esto no resta un \u00e1pice de emoci\u00f3n a las fiestas y las piensan disfrutar \u201cal m\u00e1ximo\u201d.<\/p>   <p>Repite tambi\u00e9n en el cargo Samuel Cort\u00e9s como presidente infantil y se incorpora como presidente de la comisi\u00f3n, este a\u00f1o, Javier Rico quien ya fuera presidente de la Falla del Rinc\u00f3n de Loix en una etapa anterior. \u201cMe tom\u00e9 un descanso, para coger fuerzas, y ahora he vuelto a la presidencia de la Falla. Es mucho trabajo, pero todos arrimamos el hombro\u201d, se\u00f1ala.<\/p>   <p>Afirman los falleros que ya han podido visitar el taller del artista que les est\u00e1 terminando los monumentos mayor e infantil y que \u201cnos han sorprendido mucho, para bien, las dos fallas. Una cosa es verlas en bocetos y otra ver los monumentos, y nos ha gustado mucho lo que hemos visto\u201d, apuntan.<\/p>   <p>     .c-w{         max-width:444px;         width:100%;         margin:32px auto;      background:#00755E;         border-radius:4px;         display:flex;         align-items:center;         justify-content:center;     }     .c-w a{         display:flex;         align-items:center;         justify-content:center;         padding:4px 24px;     }     .c-w img{         width:24px;         margin-right:12px;     }     .c-w p{         font:18px\/25px Poppins;         text-align:center;         color:#fff;         margin:0;     }     @media (max-width:444px){         .c-w a{             padding:4px 12px;         }         .c-w img{             width:24px;             margin-right:8px;         }         .c-w p{             font:14px\/25px Poppins;         }     }     @media (max-width:335px){         .c-w p{             font:13px\/25px Poppins;         }     }  <div class=\"c-w\">     <a href=\"https:\/\/www.whatsapp.com\/channel\/0029Va633PF9WtC4l7XUzh1e\" rel=\"nofollow\" target=\"_blank\">         <img decoding=\"async\" src=\"https:\/\/cadenaser.com\/estaticos\/recursosgraficos\/responsive\/img\/ico-whatsapp.svg\" alt=\"Whatsapp\">         <p>\u00danete al <b>canal de WhatsApp<\/b> de la SER<\/p>     <\/a> <\/div><\/p>   <p>Desde la comisi\u00f3n afirman que esperan con impaciencia la \u201cPlant\u00e1\u201d que de inicio a los festejos pero, mientras, han podido disfrutar de actos internos como el concurso de playbacks o de paellas. <\/p>   <p> <\/p>   <p> <\/p> ","protected":false},"excerpt":{"rendered":"<p>Las Falleras Mayores y presidentes de esta comisi\u00f3n, en Hoy por Hoy Benidorm<\/p>\n","protected":false},"author":0,"featured_media":13438,"comment_status":"open","ping_status":"open","sticky":false,"template":"","format":"standard","meta":{"_acf_changed":false,"footnotes":""},"categories":[1],"tags":[],"class_list":["post-13437","post","type-post","status-publish","format-standard","has-post-thumbnail","hentry","category-sin-categoria"],"acf":{"ser_id":"RLMLGWDVM5DKVFGYWQJSTMORPE","ser_url":"https:\/\/cadenaser.com\/comunitat-valenciana\/2025\/03\/11\/la-falla-del-rincon-de-loix-lista-para-vivir-los-festejos-de-san-jose-radio-benidorm\/"},"_links":{"self":[{"href":"https:\/\/serbenidorm.daliisolutions.com\/index.php\/wp-json\/wp\/v2\/posts\/13437","targetHints":{"allow":["GET"]}}],"collection":[{"href":"https:\/\/serbenidorm.daliisolutions.com\/index.php\/wp-json\/wp\/v2\/posts"}],"about":[{"href":"https:\/\/serbenidorm.daliisolutions.com\/index.php\/wp-json\/wp\/v2\/types\/post"}],"replies":[{"embeddable":true,"href":"https:\/\/serbenidorm.daliisolutions.com\/index.php\/wp-json\/wp\/v2\/comments?post=13437"}],"version-history":[{"count":0,"href":"https:\/\/serbenidorm.daliisolutions.com\/index.php\/wp-json\/wp\/v2\/posts\/13437\/revisions"}],"wp:featuredmedia":[{"embeddable":true,"href":"https:\/\/serbenidorm.daliisolutions.com\/index.php\/wp-json\/wp\/v2\/media\/13438"}],"wp:attachment":[{"href":"https:\/\/serbenidorm.daliisolutions.com\/index.php\/wp-json\/wp\/v2\/media?parent=13437"}],"wp:term":[{"taxonomy":"category","embeddable":true,"href":"https:\/\/serbenidorm.daliisolutions.com\/index.php\/wp-json\/wp\/v2\/categories?post=13437"},{"taxonomy":"post_tag","embeddable":true,"href":"https:\/\/serbenidorm.daliisolutions.com\/index.php\/wp-json\/wp\/v2\/tags?post=13437"}],"curies":[{"name":"wp","href":"https:\/\/api.w.org\/{rel}","templated":true}]}}