{"id":13439,"date":"2025-03-11T17:31:31","date_gmt":"2025-03-11T16:31:31","guid":{"rendered":"https:\/\/serbenidorm.daliisolutions.com\/index.php\/2025\/03\/11\/pepe-sanchis-director-deportivo-del-balonmano-benidorm-estamos-analizando-todas-las-opciones-para-decidir-el-nuevo-entrenador\/"},"modified":"2025-03-11T17:31:31","modified_gmt":"2025-03-11T16:31:31","slug":"pepe-sanchis-director-deportivo-del-balonmano-benidorm-estamos-analizando-todas-las-opciones-para-decidir-el-nuevo-entrenador","status":"publish","type":"post","link":"https:\/\/serbenidorm.daliisolutions.com\/index.php\/2025\/03\/11\/pepe-sanchis-director-deportivo-del-balonmano-benidorm-estamos-analizando-todas-las-opciones-para-decidir-el-nuevo-entrenador\/","title":{"rendered":"Pepe Sanch\u00eds, director deportivo del Balonmano Benidorm: \u201cEstamos analizando todas las opciones para decidir el nuevo entrenador\u201d"},"content":{"rendered":"  <p><div data-adtype=\"MLDB\"><\/div><\/p>   <p>Benidorm<\/p>   <p>El Club Balonmano Benidorm atraviesa uno de los momentos m\u00e1s complicados de su historia reciente. Con una racha de malos resultados en la Liga Asobal, el equipo se encuentra en una encrucijada que ha llevado a la directiva a tomar decisiones tajantes como la destituci\u00f3n del hasta el viernes entrenador del Servigroup Balonmano Benidorm, Sergio Carballeira.<\/p>   <p>Tras la derrota del pasado s\u00e1bado ante el Valladolid, el director deportivo de la entidad, Pepe Sanch\u00eds, ha pasado por los micr\u00f3fonos de Radio Benidorm-Cadena SER para analizar en profundidad las causas de esta crisis. En \u2018La barra libre\u2019 \u2018Boti\u2019 explic\u00f3 los motivos que, a su juicio, han llevado a la situaci\u00f3n actual y la hoja de ruta marcada para salir de la crisis.<\/p>   <p>Una temporada marcada por las lesiones<\/p>   <p>Sanch\u00eds no esquiv\u00f3 la realidad y ha explicado que lo sucedido \u201ces un c\u00famulo de circunstancias. Partidos que pod\u00edamos haber ganado, lesiones importantes y una din\u00e1mica negativa que no hemos sabido revertir\u201d. Hoy mismo se ha conocido la baja de \u2018Rami\u2019 Mart\u00ednez hasta final de temporada. \u201cEs un golpe duro, porque Rami es un jugador clave para nosotros\u00bb, reconoci\u00f3 el director deportivo.<\/p>   <p>La destituci\u00f3n de Carballeira y la b\u00fasqueda de un nuevo entrenador<\/p>   <p>Uno de los temas centrales de la entrevista fue la destituci\u00f3n de Sergio Carballeira, el hasta ahora entrenador del primer equipo. Sanch\u00eds explic\u00f3 que la decisi\u00f3n se tom\u00f3 tras la derrota ante Alcobendas, un partido que se esperaba que sirviera para recuperar la confianza del equipo, pero que termin\u00f3 siendo todo lo contrario. \u201cNecesit\u00e1bamos un cambio de din\u00e1mica. No pod\u00edamos seguir as\u00ed\u201d, afirm\u00f3.<\/p>   <p>\u2018Boti\u2019 defendi\u00f3 la labor del defenestrado entrenador, a quien calific\u00f3 como una persona trabajadora y comprometida, pero reconoci\u00f3 que los resultados no acompa\u00f1aban. \u201cNo puedo decir que no haya trabajado. Al contrario, ha sido de las personas m\u00e1s implicadas. Pero la din\u00e1mica no era la correcta y hab\u00eda que dar un toque\u201d, explic\u00f3.<\/p>   <p>     .c-w{         max-width:444px;         width:100%;         margin:32px auto;      background:#00755E;         border-radius:4px;         display:flex;         align-items:center;         justify-content:center;     }     .c-w a{         display:flex;         align-items:center;         justify-content:center;         padding:4px 24px;     }     .c-w img{         width:24px;         margin-right:12px;     }     .c-w p{         font:18px\/25px Poppins;         text-align:center;         color:#fff;         margin:0;     }     @media (max-width:444px){         .c-w a{             padding:4px 12px;         }         .c-w img{             width:24px;             margin-right:8px;         }         .c-w p{             font:14px\/25px Poppins;         }     }     @media (max-width:335px){         .c-w p{             font:13px\/25px Poppins;         }     }  <div class=\"c-w\">     <a href=\"https:\/\/www.whatsapp.com\/channel\/0029Va633PF9WtC4l7XUzh1e\" rel=\"nofollow\" target=\"_blank\">         <img decoding=\"async\" src=\"https:\/\/cadenaser.com\/estaticos\/recursosgraficos\/responsive\/img\/ico-whatsapp.svg\" alt=\"Whatsapp\">         <p>\u00danete al <b>canal de WhatsApp<\/b> de la SER<\/p>     <\/a> <\/div><\/p>   <p>En cuanto a la b\u00fasqueda de un nuevo entrenador, Sanch\u00eds confirm\u00f3 que el club est\u00e1 en pleno proceso de selecci\u00f3n. \u201cHemos recibido muchas llamadas y ofrecimientos, pero no queremos precipitarnos. Estamos analizando todas las opciones para encontrar al perfil adecuado\u201d, se\u00f1al\u00f3. El director deportivo adelant\u00f3 que esperan anunciar al nuevo t\u00e9cnico antes del viernes y, as\u00ed, afrontar con todas las garant\u00edas el pr\u00f3ximo partido contra Logro\u00f1o, que se disputar\u00e1 dentro de una semana y media.<\/p>   <p>La reacci\u00f3n del vestuario y la importancia de la afici\u00f3n<\/p>   <p>Uno de los aspectos que m\u00e1s preocupaci\u00f3n ha generado entre la afici\u00f3n es la aparente falta de reacci\u00f3n del equipo en los partidos clave. Sanch\u00eds neg\u00f3 que se trate de un problema de actitud por parte de los jugadores. \u201cTengo m\u00e1xima confianza en la plantilla. Son profesionales y s\u00e9 que dan lo mejor de s\u00ed mismos. A veces las cosas no salen como esperamos, pero no dudo de su compromiso\u201d, afirm\u00f3.<\/p>   <p>Sin embargo, reconoci\u00f3 que la destituci\u00f3n de Carballeira ha servido como una llamada de atenci\u00f3n. \u201cCreo que los jugadores han entendido que estamos en una situaci\u00f3n l\u00edmite y que hay que apretar al m\u00e1ximo\u201d, dijo. En este sentido, destac\u00f3 el papel de la afici\u00f3n, que ha seguido apoyando al equipo pese a los malos resultados. \u201cLa grada es fundamental para nosotros. Cuando el equipo compite, la afici\u00f3n responde. Necesitamos que sigan ah\u00ed, porque su apoyo puede marcar la diferencia\u201d, a\u00f1adi\u00f3.<\/p>   <p>Sanch\u00eds tambi\u00e9n se refiri\u00f3 a la presi\u00f3n que ejerce la afici\u00f3n y los medios de comunicaci\u00f3n en momentos como este. \u201cEs normal que haya cr\u00edticas cuando las cosas no salen bien. Lo importante es mantener la calma y tomar decisiones pensando en el bien del club\u201d, dijo.<\/p> ","protected":false},"excerpt":{"rendered":"<p>El director deportivo de la entidad reconoce que Sergio Carballeira \u201cha sido de las personas m\u00e1s implicadas\u201d, pero \u201cnecesit\u00e1bamos un cambio de din\u00e1mica\u201d<\/p>\n","protected":false},"author":0,"featured_media":13440,"comment_status":"open","ping_status":"open","sticky":false,"template":"","format":"standard","meta":{"_acf_changed":false,"footnotes":""},"categories":[1],"tags":[],"class_list":["post-13439","post","type-post","status-publish","format-standard","has-post-thumbnail","hentry","category-sin-categoria"],"acf":{"ser_id":"6KS4AFXLPFE6FAYKZR2QCGUKMU","ser_url":"https:\/\/cadenaser.com\/comunitat-valenciana\/2025\/03\/11\/pepe-sanchis-director-deportivo-del-balonmano-benidorm-estamos-analizando-todas-las-opciones-para-decidir-el-nuevo-entrenador-radio-benidorm\/"},"_links":{"self":[{"href":"https:\/\/serbenidorm.daliisolutions.com\/index.php\/wp-json\/wp\/v2\/posts\/13439","targetHints":{"allow":["GET"]}}],"collection":[{"href":"https:\/\/serbenidorm.daliisolutions.com\/index.php\/wp-json\/wp\/v2\/posts"}],"about":[{"href":"https:\/\/serbenidorm.daliisolutions.com\/index.php\/wp-json\/wp\/v2\/types\/post"}],"replies":[{"embeddable":true,"href":"https:\/\/serbenidorm.daliisolutions.com\/index.php\/wp-json\/wp\/v2\/comments?post=13439"}],"version-history":[{"count":0,"href":"https:\/\/serbenidorm.daliisolutions.com\/index.php\/wp-json\/wp\/v2\/posts\/13439\/revisions"}],"wp:featuredmedia":[{"embeddable":true,"href":"https:\/\/serbenidorm.daliisolutions.com\/index.php\/wp-json\/wp\/v2\/media\/13440"}],"wp:attachment":[{"href":"https:\/\/serbenidorm.daliisolutions.com\/index.php\/wp-json\/wp\/v2\/media?parent=13439"}],"wp:term":[{"taxonomy":"category","embeddable":true,"href":"https:\/\/serbenidorm.daliisolutions.com\/index.php\/wp-json\/wp\/v2\/categories?post=13439"},{"taxonomy":"post_tag","embeddable":true,"href":"https:\/\/serbenidorm.daliisolutions.com\/index.php\/wp-json\/wp\/v2\/tags?post=13439"}],"curies":[{"name":"wp","href":"https:\/\/api.w.org\/{rel}","templated":true}]}}