{"id":13443,"date":"2025-03-26T11:43:14","date_gmt":"2025-03-26T10:43:14","guid":{"rendered":"https:\/\/serbenidorm.daliisolutions.com\/index.php\/2025\/03\/26\/miguel-fuster-arranca-en-la-llana-su-asalto-al-mas-dificil-todavia\/"},"modified":"2025-03-26T11:43:14","modified_gmt":"2025-03-26T10:43:14","slug":"miguel-fuster-arranca-en-la-llana-su-asalto-al-mas-dificil-todavia","status":"publish","type":"post","link":"https:\/\/serbenidorm.daliisolutions.com\/index.php\/2025\/03\/26\/miguel-fuster-arranca-en-la-llana-su-asalto-al-mas-dificil-todavia\/","title":{"rendered":"Miguel Fuster arranca en La Llana su asalto al \u2018m\u00e1s dif\u00edcil todav\u00eda\u2019"},"content":{"rendered":"  <p><div data-adtype=\"MLDB\"><\/div><\/p>   <p>Benidorm<\/p>   <p>Fue en el a\u00f1o 2002, en el ya desaparecido Rally Vasco Navarro, cuando el benidormense Miguel Fuster comenz\u00f3 a forjar la leyenda que con el paso de los a\u00f1os le ha convertido en uno de los grandes nombres del motor en Espa\u00f1a. All\u00ed y entonces, a los mandos de un Citro\u00ebn Saxo Kit Car consigui\u00f3 su primera victoria en una prueba puntuable para el Campeonato de Espa\u00f1a (ven\u00eda de subir al podio en el R\u00edas Baixas), un certamen en el que la siguiente temporada, en 2003, lograr\u00eda su primer t\u00edtulo con triunfos parciales en R\u00edas Baixas, Ourense y Avil\u00e9s.<\/p>   <p>Despu\u00e9s de aquello, llegar\u00edan otros cinco campeonatos (2007, 2010, 2011, 2015 y 2018). En ese tr\u00e1nsito, Fuster se convirti\u00f3 en el primer piloto en ganar el certamen con tres veh\u00edculos diferentes: tracci\u00f3n delantera (Citro\u00ebn Saxo S1600), tracci\u00f3n integral (Grande Punto S2000) y tracci\u00f3n trasera (Porsche 911).<\/p>   <p>Ahora, 23 a\u00f1os despu\u00e9s de aquella primera victoria y 22 m\u00e1s tarde de su primer campeonato, Miguel Fuster inicia este fin de semana su particular \u2018m\u00e1s dif\u00edcil todav\u00eda\u2019 en busca del s\u00e9ptimo entorchado. Y lo hace en un Campeonato de Espa\u00f1a de Rallyes de Asfalto (CERA) que renace de sus cenizas tras unos a\u00f1os en los que la implantaci\u00f3n (y consolidaci\u00f3n) del S-CER hab\u00edan dejado muy a la sombra la que otrora fuera m\u00e1xima categor\u00eda nacional.<\/p>   <p>Ser\u00e1n seis citas y la primera de ellas llega ya este mismo fin de semana con el Rallye La Llana-Ripoll\u00e9s. Despu\u00e9s ser\u00e1 el turno para el Villa de Adeje (2 y 3 de mayo), Ciudad de Nar\u00f3n (23 y 24 de mayo), Rally Mudejar (27 y 28 de junio), Almer\u00eda (31 de octubre y 1 de noviembre) y Valencia (28-29 de noviembre).<\/p> ","protected":false},"excerpt":{"rendered":"<p>El piloto benidormense tratar\u00e1 de conquistar el que ser\u00eda su s\u00e9ptimo campeonato de Espa\u00f1a<\/p>\n","protected":false},"author":0,"featured_media":13444,"comment_status":"open","ping_status":"open","sticky":false,"template":"","format":"standard","meta":{"_acf_changed":false,"footnotes":""},"categories":[16],"tags":[],"class_list":["post-13443","post","type-post","status-publish","format-standard","has-post-thumbnail","hentry","category-deportes"],"acf":{"ser_id":"EG7QZGIJ3RDUZEQFY2ANQUBEM4","ser_url":"https:\/\/cadenaser.com\/comunitat-valenciana\/2025\/03\/26\/miguel-fuster-arranca-en-la-llana-su-asalto-al-mas-dificil-todavia-radio-benidorm\/"},"_links":{"self":[{"href":"https:\/\/serbenidorm.daliisolutions.com\/index.php\/wp-json\/wp\/v2\/posts\/13443","targetHints":{"allow":["GET"]}}],"collection":[{"href":"https:\/\/serbenidorm.daliisolutions.com\/index.php\/wp-json\/wp\/v2\/posts"}],"about":[{"href":"https:\/\/serbenidorm.daliisolutions.com\/index.php\/wp-json\/wp\/v2\/types\/post"}],"replies":[{"embeddable":true,"href":"https:\/\/serbenidorm.daliisolutions.com\/index.php\/wp-json\/wp\/v2\/comments?post=13443"}],"version-history":[{"count":0,"href":"https:\/\/serbenidorm.daliisolutions.com\/index.php\/wp-json\/wp\/v2\/posts\/13443\/revisions"}],"wp:featuredmedia":[{"embeddable":true,"href":"https:\/\/serbenidorm.daliisolutions.com\/index.php\/wp-json\/wp\/v2\/media\/13444"}],"wp:attachment":[{"href":"https:\/\/serbenidorm.daliisolutions.com\/index.php\/wp-json\/wp\/v2\/media?parent=13443"}],"wp:term":[{"taxonomy":"category","embeddable":true,"href":"https:\/\/serbenidorm.daliisolutions.com\/index.php\/wp-json\/wp\/v2\/categories?post=13443"},{"taxonomy":"post_tag","embeddable":true,"href":"https:\/\/serbenidorm.daliisolutions.com\/index.php\/wp-json\/wp\/v2\/tags?post=13443"}],"curies":[{"name":"wp","href":"https:\/\/api.w.org\/{rel}","templated":true}]}}