{"id":13445,"date":"2025-03-26T11:43:15","date_gmt":"2025-03-26T10:43:15","guid":{"rendered":"https:\/\/serbenidorm.daliisolutions.com\/index.php\/2025\/03\/26\/el-servigroup-playas-de-benidorm-se-jugara-el-ascenso-en-leganes\/"},"modified":"2025-03-26T11:43:15","modified_gmt":"2025-03-26T10:43:15","slug":"el-servigroup-playas-de-benidorm-se-jugara-el-ascenso-en-leganes","status":"publish","type":"post","link":"https:\/\/serbenidorm.daliisolutions.com\/index.php\/2025\/03\/26\/el-servigroup-playas-de-benidorm-se-jugara-el-ascenso-en-leganes\/","title":{"rendered":"El Servigroup Playas de Benidorm se jugar\u00e1 el ascenso en Legan\u00e9s"},"content":{"rendered":"  <p><div data-adtype=\"MLDB\"><\/div><\/p>   <p>Benidorm<\/p>   <p>El equipo masculino del Club Voleibol Playas de Benidorm se jugar\u00e1 el ascenso a la m\u00e1xima categor\u00eda del v\u00f3ley nacional en Legan\u00e9s. As\u00ed lo ha anunciado hoy la Real Federaci\u00f3n Espa\u00f1ola de Voleibol (Rfevb) en el que ha hecho oficial la elecci\u00f3n de la localidad madrile\u00f1a como sede de la fase de ascenso, que si disputar\u00e1 del 24 al 27 de abril con la presencia de los dos primeros clasificados de cada uno de los tres grupos de la Superliga2.<\/p>   <p>Legan\u00e9s se ha impuesto as\u00ed a Santander y Benidorm, las otras dos ciudades que hab\u00edan elevado a la federaci\u00f3n su candidatura para acoger ese playoff final en el que el equipo dirigido por Adriano Lamb tratar\u00e1 de hacerse con uno de los dos pasaportes a la Superliga.<\/p>   <p>A falta de una jornada para que finalice la liga regular, ya hay cinco equipos con su plaza asegurada en la lucha por el ascenso. Adem\u00e1s del Servigroup Playas de Benidorm, que el pasado s\u00e1bado se hac\u00eda, adem\u00e1s, con el t\u00edtulo honor\u00edfico de campe\u00f3n de su grupo y del Legan\u00e9s, anfitri\u00f3n y segundo clasificado del grupo del equipo benidormense, a Madrid viajar\u00e1n Textil Santanderina y Arona Playa de Los Cristianos como representantes del grupo A y el Bar\u00e7a por parte del grupo B.<\/p>   <p>El sexto equipo que pelear\u00e1 por el ascenso en Legan\u00e9s, el segundo clasificado del grupo B, se decidir\u00e1 el pr\u00f3ximo fin de semana, en la \u00faltima jornada de competici\u00f3n. El que m\u00e1s papeletas tiene para lograrlo es el actual propietario de esa plaza, el CV Roquetes que, con 44 puntos, afronta ese partido decisivo (ante el Nataci\u00f3 Sabadell, quinto clasificado y sin nada en juego) con dos puntos de ventaja sobre Indescar Zaragoza y Ube L\u2019Illa Grau que jugar\u00e1n ante el Bar\u00e7a (campe\u00f3n matem\u00e1tico y, por lo tanto, sin nada en juego) y V\u00edkings V\u00f3lei Prat (d\u00e9cimo clasificado y ya salvado del descenso).<\/p>   <p>Ser\u00e1 una vez que finalice esta \u00faltima jornada de la fase regular cuando se realice el sorteo de emparejamientos de los dos grupos de competici\u00f3n para esa fase final en la que el Servigroup Playas de Benidorm podr\u00eda v\u00e9rselas con un primer y segundo clasificados o, en el mejor de los casos, con dos segundos.<\/p>   <p>     .c-w {         max-width: 662px;         width: 100%;         margin:12px 0 24px auto;         background: #00755E;         border-radius: 99px;         display: flex;         align-items: center;         justify-content: center;     }     .c-w:hover {         background-color:#6CB3A5;     }      .c-w a {         display: flex;         align-items: center;         justify-content: center;         padding: 6px 0;         width:100%;     }      .c-w img {         width: 24px;         margin-right: 12px;     }      .c-w p {         font: 18px\/30px Poppins;         text-align: center;         color: #fff;         margin: 0;     }      @media (max-width:444px) {         .c-w a {             padding: 4px 12px;         }          .c-w img {             width: 24px;             margin-right: 8px;         }          .c-w p {             font: 14px\/25px Poppins;         }     }      @media (max-width:335px) {         .c-w p {             font: 13px\/25px Poppins;         }     }  <div class=\"c-w\"> <a href=\"https:\/\/www.whatsapp.com\/channel\/0029Va633PF9WtC4l7XUzh1e\" rel=\"nofollow\" target=\"_blank\">         <img decoding=\"async\" src=\"https:\/\/cadenaser.com\/estaticos\/recursosgraficos\/responsive\/img\/ico-whatsapp.svg\" alt=\"Whatsapp\">         <p>\u00danete al <b>canal de WhatsApp<\/b> de la SER<\/p>     <\/a> <\/div><\/p> ","protected":false},"excerpt":{"rendered":"<p>La ciudad madrile\u00f1a ha sido elegida como sede del playoff final que tambi\u00e9n aspiraba a organizar Benidorm<\/p>\n","protected":false},"author":0,"featured_media":13446,"comment_status":"open","ping_status":"open","sticky":false,"template":"","format":"standard","meta":{"_acf_changed":false,"footnotes":""},"categories":[16],"tags":[],"class_list":["post-13445","post","type-post","status-publish","format-standard","has-post-thumbnail","hentry","category-deportes"],"acf":{"ser_id":"CHLCCYZVYVAIBF77SVAFVTX464","ser_url":"https:\/\/cadenaser.com\/comunitat-valenciana\/2025\/03\/25\/el-servigroup-playas-de-benidorm-se-jugara-el-ascenso-en-leganes-radio-benidorm\/"},"_links":{"self":[{"href":"https:\/\/serbenidorm.daliisolutions.com\/index.php\/wp-json\/wp\/v2\/posts\/13445","targetHints":{"allow":["GET"]}}],"collection":[{"href":"https:\/\/serbenidorm.daliisolutions.com\/index.php\/wp-json\/wp\/v2\/posts"}],"about":[{"href":"https:\/\/serbenidorm.daliisolutions.com\/index.php\/wp-json\/wp\/v2\/types\/post"}],"replies":[{"embeddable":true,"href":"https:\/\/serbenidorm.daliisolutions.com\/index.php\/wp-json\/wp\/v2\/comments?post=13445"}],"version-history":[{"count":0,"href":"https:\/\/serbenidorm.daliisolutions.com\/index.php\/wp-json\/wp\/v2\/posts\/13445\/revisions"}],"wp:featuredmedia":[{"embeddable":true,"href":"https:\/\/serbenidorm.daliisolutions.com\/index.php\/wp-json\/wp\/v2\/media\/13446"}],"wp:attachment":[{"href":"https:\/\/serbenidorm.daliisolutions.com\/index.php\/wp-json\/wp\/v2\/media?parent=13445"}],"wp:term":[{"taxonomy":"category","embeddable":true,"href":"https:\/\/serbenidorm.daliisolutions.com\/index.php\/wp-json\/wp\/v2\/categories?post=13445"},{"taxonomy":"post_tag","embeddable":true,"href":"https:\/\/serbenidorm.daliisolutions.com\/index.php\/wp-json\/wp\/v2\/tags?post=13445"}],"curies":[{"name":"wp","href":"https:\/\/api.w.org\/{rel}","templated":true}]}}