{"id":13447,"date":"2025-03-26T11:43:16","date_gmt":"2025-03-26T10:43:16","guid":{"rendered":"https:\/\/serbenidorm.daliisolutions.com\/index.php\/2025\/03\/26\/el-balonmano-benidorm-lanza-una-oferta-especial-para-llenar-el-palau\/"},"modified":"2025-03-26T11:43:16","modified_gmt":"2025-03-26T10:43:16","slug":"el-balonmano-benidorm-lanza-una-oferta-especial-para-llenar-el-palau","status":"publish","type":"post","link":"https:\/\/serbenidorm.daliisolutions.com\/index.php\/2025\/03\/26\/el-balonmano-benidorm-lanza-una-oferta-especial-para-llenar-el-palau\/","title":{"rendered":"El Balonmano Benidorm lanza una oferta especial para llenar el Palau"},"content":{"rendered":"  <p><div data-adtype=\"MLDB\"><\/div><\/p>   <p>Benidorm<\/p>   <p>Con s\u00f3lo nueve jornadas por delante, la Liga Asobal ha entrado ya en su fase final y el Servigroup Hoteles Benidorm la afronta con la absoluta necesidad de revertir la mala racha de resultados que ha llevado a todo un hist\u00f3rico de la m\u00e1xima categor\u00eda del balonmano nacional a una situaci\u00f3n l\u00edmite en la clasificaci\u00f3n.<\/p>   <p>El equipo ahora entrenador por el serbio Marko Krivocapic ha encadenado una racha de seis derrotas ligueras consecutivas que lo han situado en la pen\u00faltima posici\u00f3n de la clasificaci\u00f3n y a una distancia de cuatro puntos (dos victorias) de la salvaci\u00f3n.<\/p>   <p>El propio vestuario ha querido hacer un llamamiento a la afici\u00f3n de cara a estas \u00faltimas nueve jornadas de liga, de las que disputar\u00e1 seis en casa. De hecho, los propios jugadores se han redactado un mensaje dirigido de manera directa a la afici\u00f3n y que han compartido en sus redes sociales y enviado a trav\u00e9s de las aplicaciones de mensajer\u00eda en el que \u201cantes de nada\u201d han querido \u201cagradeceros el apoyo y los \u00e1nimos que nos dais en cada partido\u201d afirmando, as\u00ed mismo, que los aficionados \u201csois parte clave y fundamental de cada \u00e9xito del equipo\u201d.<\/p>   <p>As\u00ed mismo, reconocen que \u201cestamos en una situaci\u00f3n complicada, pero estamos seguro de que junto a vosotros y a todos los aficionados vamos a sacarlo adelante\u201d.<\/p>   <p>Mirando a lo que est\u00e1 por venir en las pr\u00f3ximas semanas, la plantilla recuerda que \u201cahora vienen cuatro partidos consecutivos en casa\u201d y quieren que \u201ccada partido en el Palau sea una fiesta y consigamos juntos el objetivo de que Benidorm siga estando en la m\u00e1xima categor\u00eda del balonmano nacional\u201d.<\/p>   <p>     .c-w {         max-width: 662px;         width: 100%;         margin:12px 0 24px auto;         background: #00755E;         border-radius: 99px;         display: flex;         align-items: center;         justify-content: center;     }     .c-w:hover {         background-color:#6CB3A5;     }      .c-w a {         display: flex;         align-items: center;         justify-content: center;         padding: 6px 0;         width:100%;     }      .c-w img {         width: 24px;         margin-right: 12px;     }      .c-w p {         font: 18px\/30px Poppins;         text-align: center;         color: #fff;         margin: 0;     }      @media (max-width:444px) {         .c-w a {             padding: 4px 12px;         }          .c-w img {             width: 24px;             margin-right: 8px;         }          .c-w p {             font: 14px\/25px Poppins;         }     }      @media (max-width:335px) {         .c-w p {             font: 13px\/25px Poppins;         }     }  <div class=\"c-w\"> <a href=\"https:\/\/www.whatsapp.com\/channel\/0029Va633PF9WtC4l7XUzh1e\" rel=\"nofollow\" target=\"_blank\">         <img decoding=\"async\" src=\"https:\/\/cadenaser.com\/estaticos\/recursosgraficos\/responsive\/img\/ico-whatsapp.svg\" alt=\"Whatsapp\">         <p>\u00danete al <b>canal de WhatsApp<\/b> de la SER<\/p>     <\/a> <\/div><\/p>   <p><b>3&#215;2 en las entradas<\/b><\/p>   <p>Por su parte, el Club Balonmano Benidorm ha movido ficha y tambi\u00e9n ha lanzado una oferta para hacer que el Palau d\u2019Esports l\u2019Illa de Benidorm se convierta en una aut\u00e9ntica olla a presi\u00f3n y, a ser posible, en el fort\u00edn en el que conquistar la ansiada salvaci\u00f3n.<\/p>   <p>Para ello, ha anunciado que los aficionados podr\u00e1n adquirir las entradas para tres de esos cuatro partidos (ante Puente Genil, Aranda y Bidasoa de Ir\u00fan) pagando \u00fanicamente dos de ellas.<\/p>   <p>As\u00ed, las tres entradas tendr\u00e1n un precio total de 40 euros en grada baja y 30 euros en grada alta. Esa misma oferta tambi\u00e9n se aplica a los colectivos que ya cuentan de forma habitual con descuentos (jubilados y desempleados), qued\u00e1ndose en 30 y 20 euros, respectivamente.<\/p>  <p><figure><img decoding=\"async\" src=\"https:\/\/cadenaser.com\/resizer\/v2\/ATUF7FJBIRHHFGJCGPQTQIPHU4.jpeg?auth=86dc3842a1c0f606b61d9a66e06bf7cd7380082033302c46134f89d08fc55785&amp;quality=70&amp;width=650&amp;height=780&amp;smart=true\" width=\"5\" height=\"6\" loading=\"lazy\" \/><\/figure><button class=\"bt-am\">Ampliar<\/button><div class=\"lb d-none\"><div><figure><img loading=\"lazy\" decoding=\"async\" src=\"https:\/\/cadenaser.com\/resizer\/v2\/ATUF7FJBIRHHFGJCGPQTQIPHU4.jpeg?auth=86dc3842a1c0f606b61d9a66e06bf7cd7380082033302c46134f89d08fc55785\" width=\"5\" height=\"6\" \/><\/figure><button>Cerrar<\/button><\/div><\/div><\/p> ","protected":false},"excerpt":{"rendered":"<p>El club pone a la venta un pack de tres entradas al precio de s\u00f3lo dos<\/p>\n","protected":false},"author":0,"featured_media":13448,"comment_status":"open","ping_status":"open","sticky":false,"template":"","format":"standard","meta":{"_acf_changed":false,"footnotes":""},"categories":[16],"tags":[],"class_list":["post-13447","post","type-post","status-publish","format-standard","has-post-thumbnail","hentry","category-deportes"],"acf":{"ser_id":"NOBZMZA7XBE3HKNO3YCQ64FZQQ","ser_url":"https:\/\/cadenaser.com\/comunitat-valenciana\/2025\/03\/25\/el-balonmano-benidorm-lanza-una-oferta-especial-para-llenar-el-palau-radio-benidorm\/"},"_links":{"self":[{"href":"https:\/\/serbenidorm.daliisolutions.com\/index.php\/wp-json\/wp\/v2\/posts\/13447","targetHints":{"allow":["GET"]}}],"collection":[{"href":"https:\/\/serbenidorm.daliisolutions.com\/index.php\/wp-json\/wp\/v2\/posts"}],"about":[{"href":"https:\/\/serbenidorm.daliisolutions.com\/index.php\/wp-json\/wp\/v2\/types\/post"}],"replies":[{"embeddable":true,"href":"https:\/\/serbenidorm.daliisolutions.com\/index.php\/wp-json\/wp\/v2\/comments?post=13447"}],"version-history":[{"count":0,"href":"https:\/\/serbenidorm.daliisolutions.com\/index.php\/wp-json\/wp\/v2\/posts\/13447\/revisions"}],"wp:featuredmedia":[{"embeddable":true,"href":"https:\/\/serbenidorm.daliisolutions.com\/index.php\/wp-json\/wp\/v2\/media\/13448"}],"wp:attachment":[{"href":"https:\/\/serbenidorm.daliisolutions.com\/index.php\/wp-json\/wp\/v2\/media?parent=13447"}],"wp:term":[{"taxonomy":"category","embeddable":true,"href":"https:\/\/serbenidorm.daliisolutions.com\/index.php\/wp-json\/wp\/v2\/categories?post=13447"},{"taxonomy":"post_tag","embeddable":true,"href":"https:\/\/serbenidorm.daliisolutions.com\/index.php\/wp-json\/wp\/v2\/tags?post=13447"}],"curies":[{"name":"wp","href":"https:\/\/api.w.org\/{rel}","templated":true}]}}