{"id":13449,"date":"2025-03-26T11:43:22","date_gmt":"2025-03-26T10:43:22","guid":{"rendered":"https:\/\/serbenidorm.daliisolutions.com\/index.php\/2025\/03\/26\/el-voley-de-benidorm-celebra-el-aliron-en-casa\/"},"modified":"2025-03-26T11:43:22","modified_gmt":"2025-03-26T10:43:22","slug":"el-voley-de-benidorm-celebra-el-aliron-en-casa","status":"publish","type":"post","link":"https:\/\/serbenidorm.daliisolutions.com\/index.php\/2025\/03\/26\/el-voley-de-benidorm-celebra-el-aliron-en-casa\/","title":{"rendered":"El v\u00f3ley de Benidorm celebra el alir\u00f3n en casa"},"content":{"rendered":"  <p><div data-adtype=\"MLDB\"><\/div><\/p>   <p>Benidorm<\/p>   <p>S\u00f3lo es cosa de honra porque en lo deportivo cuenta lo mismo ser primero o segundo (los dos puestos que dan acceso a la fase de ascenso), pero el equipo masculino del Club Voleibol Playas de Benidorm se hab\u00eda propuesto, una vez conquistada de manera matem\u00e1tica la pelea por acceder a la m\u00e1xima categor\u00eda, terminar la temporada como el equipo de Adriano Lamb merec\u00eda: haci\u00e9ndose tambi\u00e9n con el t\u00edtulo de campe\u00f3n de su grupo.<\/p>   <p>No pudieron hacerlo a la primera, despu\u00e9s de sufrir su primera derrota sin puntos en todo lo que va de temporada ante Pinto, pero s\u00ed que lo hicieron ante su afici\u00f3n este s\u00e1bado tras imponerse por 3-1 (23-25, 25-13, 25-9 y 25-23) ante un muy correoso Judesa.<\/p>   <p>Dec\u00eda Adriano Lamb tras caer en tierras madrile\u00f1as que su cabeza y su trabajo est\u00e1n ya muy centrados en esa fase final para la que ahora queda apenas un mes y eso se ha dejado ver en estas dos \u00faltimas jornadas.<\/p>   <p>El equipo se est\u00e1 centrando ya en construir la mejor forma f\u00edsica posible de cara a esa cita que se disputar\u00e1 en Santander, Legan\u00e9s o Benidorm (una decisi\u00f3n que se conocer\u00e1, previsiblemente, el lunes) y eso, explicaba el propio t\u00e9cnico brasile\u00f1o, pasa por trabajar mucho la carga f\u00edsica durante estas semanas.<\/p>   <p>Como consecuencia, y eso se pudo comprobar este fin de semana en el Ra\u00fal Mesa, el Servigroup Playas de Benidorm es, ahora mismo, un equipo que ha perdido gran parte de la frescura y la \u2018chispa\u2019 de las que ha venido haciendo gala toda la temporada.<\/p>   <p>     .c-w {         max-width: 662px;         width: 100%;         margin:12px 0 24px auto;         background: #00755E;         border-radius: 99px;         display: flex;         align-items: center;         justify-content: center;     }     .c-w:hover {         background-color:#6CB3A5;     }      .c-w a {         display: flex;         align-items: center;         justify-content: center;         padding: 6px 0;         width:100%;     }      .c-w img {         width: 24px;         margin-right: 12px;     }      .c-w p {         font: 18px\/30px Poppins;         text-align: center;         color: #fff;         margin: 0;     }      @media (max-width:444px) {         .c-w a {             padding: 4px 12px;         }          .c-w img {             width: 24px;             margin-right: 8px;         }          .c-w p {             font: 14px\/25px Poppins;         }     }      @media (max-width:335px) {         .c-w p {             font: 13px\/25px Poppins;         }     }  <div class=\"c-w\"> <a href=\"https:\/\/www.whatsapp.com\/channel\/0029Va633PF9WtC4l7XUzh1e\" rel=\"nofollow\" target=\"_blank\">         <img decoding=\"async\" src=\"https:\/\/cadenaser.com\/estaticos\/recursosgraficos\/responsive\/img\/ico-whatsapp.svg\" alt=\"Whatsapp\">         <p>\u00danete al <b>canal de WhatsApp<\/b> de la SER<\/p>     <\/a> <\/div><\/p>   <p>Nada preocupante, en cualquier caso, en un cuadro que tiene todo esto planificado y que fue capaz, ante Judesa, de suplir esa carencia con pura calidad. S\u00f3lo el primer set se les escap\u00f3 a los locales, que luego lo dieron todo para sumar esos tres puntos que han permitido cantar el alir\u00f3n.<\/p>   <p>Ahora, s\u00f3lo resta un desplazamiento, el m\u00e1s inc\u00f3modo, hasta Almendralejo antes de bajar el tel\u00f3n de la fase regular y afrontar la lucha por el ascenso que, ojal\u00e1, sea en casa.<\/p>   <p><b>Las chicas copian al equipo masculino<\/b><\/p>   <p>No fue muy diferente la historia del partido entre el Servigroup Playas de Benidorm femenino y el Sant Joan. Las de Noelia Santacreu no est\u00e1n peleando por el t\u00edtulo, pero s\u00ed por tratar de superar (ahora ya deber\u00e1 ser en la \u00faltima jornada) al Cartagena en la pelea por la cuarta plaza. A su vez, el Sant Joan buscaba la salvaci\u00f3n matem\u00e1tica en el Ra\u00fal Mesa que, en cualquier caso, tienen ya amarrada.<\/p>   <p>Con todo, el equipo local se dej\u00f3 el primer set por el camino antes de remontar para hacerse con los tres puntos gracias al 3-1 (23-25, 25-22, 25-21 y 25-21) final que, unido a la victoria del Cartagena, tambi\u00e9n por 3-1, ante el Medsur-Finestrat deja a ambos equipos con los mismos 39 puntos a falta de s\u00f3lo una jornada, la del pr\u00f3ximo fin de semana, en la que las murcianas visitan al ya descendido X\u00e0tiva y las benidormenses visitar\u00e1n la cancha del Gu\u00eda, segundo clasificado y ya matem\u00e1ticamente metido en la pelea por el ascenso.<\/p>   <p>Las que no sacaron nada positivo de la presente jornada fueron las chicas del Medsur-Finestrat, que se conforman con afrontar la \u00faltima jornada en la octava posici\u00f3n con aspiraci\u00f3n, a lo sumo, de hacerse con la sexta plaza. Todo ello, como ya se ha dicho, tras caer por 3-1 (25-21, 25-14, 23-25 y 27-25) en casa del Cartagena y antes de recibir, para cerrar la temporada, al Atarfe el pr\u00f3ximo s\u00e1bado (17:00 horas).<\/p> ","protected":false},"excerpt":{"rendered":"<p>El equipo masculino del Club Voleibol Playas de Benidorm se hace con el t\u00edtulo de campe\u00f3n de su grupo<\/p>\n","protected":false},"author":0,"featured_media":13450,"comment_status":"open","ping_status":"open","sticky":false,"template":"","format":"standard","meta":{"_acf_changed":false,"footnotes":""},"categories":[16],"tags":[],"class_list":["post-13449","post","type-post","status-publish","format-standard","has-post-thumbnail","hentry","category-deportes"],"acf":{"ser_id":"CX2KYWJ7HJEP3CMY4VQ6EBVAX4","ser_url":"https:\/\/cadenaser.com\/comunitat-valenciana\/2025\/03\/23\/el-voley-de-benidorm-celebra-el-aliron-en-casa-radio-benidorm\/"},"_links":{"self":[{"href":"https:\/\/serbenidorm.daliisolutions.com\/index.php\/wp-json\/wp\/v2\/posts\/13449","targetHints":{"allow":["GET"]}}],"collection":[{"href":"https:\/\/serbenidorm.daliisolutions.com\/index.php\/wp-json\/wp\/v2\/posts"}],"about":[{"href":"https:\/\/serbenidorm.daliisolutions.com\/index.php\/wp-json\/wp\/v2\/types\/post"}],"replies":[{"embeddable":true,"href":"https:\/\/serbenidorm.daliisolutions.com\/index.php\/wp-json\/wp\/v2\/comments?post=13449"}],"version-history":[{"count":0,"href":"https:\/\/serbenidorm.daliisolutions.com\/index.php\/wp-json\/wp\/v2\/posts\/13449\/revisions"}],"wp:featuredmedia":[{"embeddable":true,"href":"https:\/\/serbenidorm.daliisolutions.com\/index.php\/wp-json\/wp\/v2\/media\/13450"}],"wp:attachment":[{"href":"https:\/\/serbenidorm.daliisolutions.com\/index.php\/wp-json\/wp\/v2\/media?parent=13449"}],"wp:term":[{"taxonomy":"category","embeddable":true,"href":"https:\/\/serbenidorm.daliisolutions.com\/index.php\/wp-json\/wp\/v2\/categories?post=13449"},{"taxonomy":"post_tag","embeddable":true,"href":"https:\/\/serbenidorm.daliisolutions.com\/index.php\/wp-json\/wp\/v2\/tags?post=13449"}],"curies":[{"name":"wp","href":"https:\/\/api.w.org\/{rel}","templated":true}]}}