{"id":13459,"date":"2025-03-26T11:43:42","date_gmt":"2025-03-26T10:43:42","guid":{"rendered":"https:\/\/serbenidorm.daliisolutions.com\/index.php\/2025\/03\/26\/andrei-shevchenko-quiero-buscar-el-record-de-espana\/"},"modified":"2025-03-26T11:43:42","modified_gmt":"2025-03-26T10:43:42","slug":"andrei-shevchenko-quiero-buscar-el-record-de-espana","status":"publish","type":"post","link":"https:\/\/serbenidorm.daliisolutions.com\/index.php\/2025\/03\/26\/andrei-shevchenko-quiero-buscar-el-record-de-espana\/","title":{"rendered":"Andrei Shevchenko: \u201cQuiero buscar el r\u00e9cord de Espa\u00f1a\u201d"},"content":{"rendered":"  <p><div data-adtype=\"MLDB\"><\/div><\/p>   <p>Benidorm<\/p>   <p>\u201cNo estoy muy contento con mi salto\u201d. Pese a que ese salto de 4,21 metros le sirvi\u00f3 a Andrei Shevchenko para colgarse el oro en el Campeonato de Espa\u00f1a de salto con p\u00e9rtiga en categor\u00eda Sub-16, el atleta nuciero reconoc\u00eda este martes en SER Deportivos Marina Baixa que esperaba algo m\u00e1s de su actuaci\u00f3n.<\/p>   <p>Toda una declaraci\u00f3n de intenciones de un deportista inconformista que, en su paso por los micr\u00f3fonos de Radio Benidorm-SER, tambi\u00e9n desvel\u00f3 cu\u00e1l es su objetivo de cara al final de la temporada: \u201cel r\u00e9cord de Espa\u00f1a de la categor\u00eda es 4,75 y yo s\u00e9 que si me preparo bien, a principios de septiembre puedo alcanzar los 4,80\u201d.<\/p> ","protected":false},"excerpt":{"rendered":"<p>El atleta nuciero se acaba de colgar el oro en el Nacional de salto con p\u00e9rtiga Sub-16<\/p>\n","protected":false},"author":0,"featured_media":13460,"comment_status":"open","ping_status":"open","sticky":false,"template":"","format":"standard","meta":{"_acf_changed":false,"footnotes":""},"categories":[16],"tags":[],"class_list":["post-13459","post","type-post","status-publish","format-standard","has-post-thumbnail","hentry","category-deportes"],"acf":{"ser_id":"SQP6I52MIVEZZCLYDCLU4FKSLY","ser_url":"https:\/\/cadenaser.com\/comunitat-valenciana\/2025\/03\/18\/andrei-shevchenko-quiero-buscar-el-record-de-espana-radio-benidorm\/"},"_links":{"self":[{"href":"https:\/\/serbenidorm.daliisolutions.com\/index.php\/wp-json\/wp\/v2\/posts\/13459","targetHints":{"allow":["GET"]}}],"collection":[{"href":"https:\/\/serbenidorm.daliisolutions.com\/index.php\/wp-json\/wp\/v2\/posts"}],"about":[{"href":"https:\/\/serbenidorm.daliisolutions.com\/index.php\/wp-json\/wp\/v2\/types\/post"}],"replies":[{"embeddable":true,"href":"https:\/\/serbenidorm.daliisolutions.com\/index.php\/wp-json\/wp\/v2\/comments?post=13459"}],"version-history":[{"count":0,"href":"https:\/\/serbenidorm.daliisolutions.com\/index.php\/wp-json\/wp\/v2\/posts\/13459\/revisions"}],"wp:featuredmedia":[{"embeddable":true,"href":"https:\/\/serbenidorm.daliisolutions.com\/index.php\/wp-json\/wp\/v2\/media\/13460"}],"wp:attachment":[{"href":"https:\/\/serbenidorm.daliisolutions.com\/index.php\/wp-json\/wp\/v2\/media?parent=13459"}],"wp:term":[{"taxonomy":"category","embeddable":true,"href":"https:\/\/serbenidorm.daliisolutions.com\/index.php\/wp-json\/wp\/v2\/categories?post=13459"},{"taxonomy":"post_tag","embeddable":true,"href":"https:\/\/serbenidorm.daliisolutions.com\/index.php\/wp-json\/wp\/v2\/tags?post=13459"}],"curies":[{"name":"wp","href":"https:\/\/api.w.org\/{rel}","templated":true}]}}