{"id":13461,"date":"2025-03-26T11:43:44","date_gmt":"2025-03-26T10:43:44","guid":{"rendered":"https:\/\/serbenidorm.daliisolutions.com\/index.php\/2025\/03\/26\/jubilo-en-el-camilo-cano-la-nucia-se-coloca-lider\/"},"modified":"2025-03-26T11:43:44","modified_gmt":"2025-03-26T10:43:44","slug":"jubilo-en-el-camilo-cano-la-nucia-se-coloca-lider","status":"publish","type":"post","link":"https:\/\/serbenidorm.daliisolutions.com\/index.php\/2025\/03\/26\/jubilo-en-el-camilo-cano-la-nucia-se-coloca-lider\/","title":{"rendered":"J\u00fabilo en el Camilo Cano: La Nuc\u00eda se coloca l\u00edder"},"content":{"rendered":"  <p><div data-adtype=\"MLDB\"><\/div><\/p>   <p>Benidorm<\/p>   <p>Despu\u00e9s de un arranque de temporada muy complicado, en el que Berna Ballester y los suyos pagaron muy caro el inicio tard\u00edo de los entrenamientos y, con ello, la pront\u00edsima llegada del debut competitivo, el proyecto del C.F. La Nuc\u00eda ha ido ganando enteros a lo largo de las 26 jornadas ya completadas y es ahora, cuando todo se va a decidir en apenas dos meses, cuando los rojillos parecen haber alcanzado su mejor versi\u00f3n.<\/p>   <p>\u201cYa se ver\u00e1\u201d, respond\u00eda Berna Ballester, en SER Deportivos Marina Baixa, al ser preguntado el pasado mes de septiembre y ese arranque tard\u00edo tendr\u00eda como consecuencia positiva llegar en un mejor estado de forma a esta fase crucial. Ahora, inmersos como estamos en ella, parece que la respuesta es positiva.<\/p>   <p>Y lo parece no s\u00f3lo porque el C.F. La Nuc\u00eda no ha perdido ninguno de los nueve partidos que ha disputado en esta segunda vuelta (seis victorias y tres empates) o porque no haya encajado ni un solo gol en contra en las \u00faltimas siete jornadas, un tiempo en el que ha marcado doce goles. Lo parece, sobre todo, porque los resultados est\u00e1n llegado acompa\u00f1ados de buen juego, algo que siempre invita, y mucho, al optimismo.<\/p>   <p>La \u00faltima victoria, la de este domingo en casa ante el Utiel por 3-0, ha catapultado adem\u00e1s a La Nuc\u00eda hasta el liderato con los mismos puntos que el Castellonense, un premio que, en caso de poder mantenerlo hasta el final de la campa\u00f1a, no s\u00f3lo otorga el honor\u00edfico t\u00edtulo de campe\u00f3n del grupo sino, sobre todo, el ascenso directo a Segunda RFEF.<\/p>   <p>Lejos, muy lejos de ese objetivo, sigue transitando el C.F. Benidorm, que el s\u00e1bado ca\u00eda por 1-0 en casa del Atl\u00e9tico Levante y vuelve a verse demasiado cerca de la zona roja de la tabla. Esta 26\u00aa jornada se cierra para los de Javier Vidales en la 15\u00aa posici\u00f3n s\u00f3lo un punto por encima de la zona de descenso aunque la buena noticia es que la pr\u00f3xima semana podr\u00e1 dar un importante paso adelante en caso de imponerse en el Guillermo Amor al Ontinyent, que viaja en la 16\u00aa posici\u00f3n con dos puntos m\u00e1s que los benidormenses.<\/p>   <p>     .c-w {         max-width: 662px;         width: 100%;         margin:12px 0 24px auto;         background: #00755E;         border-radius: 99px;         display: flex;         align-items: center;         justify-content: center;     }     .c-w:hover {         background-color:#6CB3A5;     }      .c-w a {         display: flex;         align-items: center;         justify-content: center;         padding: 6px 0;         width:100%;     }      .c-w img {         width: 24px;         margin-right: 12px;     }      .c-w p {         font: 18px\/30px Poppins;         text-align: center;         color: #fff;         margin: 0;     }      @media (max-width:444px) {         .c-w a {             padding: 4px 12px;         }          .c-w img {             width: 24px;             margin-right: 8px;         }          .c-w p {             font: 14px\/25px Poppins;         }     }      @media (max-width:335px) {         .c-w p {             font: 13px\/25px Poppins;         }     }  <div class=\"c-w\"> <a href=\"https:\/\/www.whatsapp.com\/channel\/0029Va633PF9WtC4l7XUzh1e\" rel=\"nofollow\" target=\"_blank\">         <img decoding=\"async\" src=\"https:\/\/cadenaser.com\/estaticos\/recursosgraficos\/responsive\/img\/ico-whatsapp.svg\" alt=\"Whatsapp\">         <p>\u00danete al <b>canal de WhatsApp<\/b> de la SER<\/p>     <\/a> <\/div><\/p> ","protected":false},"excerpt":{"rendered":"<p>El equipo de Berna Ballester vence y convence ante el Utiel y se encarama a lo m\u00e1s alto<\/p>\n","protected":false},"author":0,"featured_media":13462,"comment_status":"open","ping_status":"open","sticky":false,"template":"","format":"standard","meta":{"_acf_changed":false,"footnotes":""},"categories":[16],"tags":[],"class_list":["post-13461","post","type-post","status-publish","format-standard","has-post-thumbnail","hentry","category-deportes"],"acf":{"ser_id":"XJCJELMS4JAV7EUFT2554UGSVQ","ser_url":"https:\/\/cadenaser.com\/comunitat-valenciana\/2025\/03\/16\/jubilo-en-el-camilo-cano-la-nucia-se-coloca-lider-radio-benidorm\/"},"_links":{"self":[{"href":"https:\/\/serbenidorm.daliisolutions.com\/index.php\/wp-json\/wp\/v2\/posts\/13461","targetHints":{"allow":["GET"]}}],"collection":[{"href":"https:\/\/serbenidorm.daliisolutions.com\/index.php\/wp-json\/wp\/v2\/posts"}],"about":[{"href":"https:\/\/serbenidorm.daliisolutions.com\/index.php\/wp-json\/wp\/v2\/types\/post"}],"replies":[{"embeddable":true,"href":"https:\/\/serbenidorm.daliisolutions.com\/index.php\/wp-json\/wp\/v2\/comments?post=13461"}],"version-history":[{"count":0,"href":"https:\/\/serbenidorm.daliisolutions.com\/index.php\/wp-json\/wp\/v2\/posts\/13461\/revisions"}],"wp:featuredmedia":[{"embeddable":true,"href":"https:\/\/serbenidorm.daliisolutions.com\/index.php\/wp-json\/wp\/v2\/media\/13462"}],"wp:attachment":[{"href":"https:\/\/serbenidorm.daliisolutions.com\/index.php\/wp-json\/wp\/v2\/media?parent=13461"}],"wp:term":[{"taxonomy":"category","embeddable":true,"href":"https:\/\/serbenidorm.daliisolutions.com\/index.php\/wp-json\/wp\/v2\/categories?post=13461"},{"taxonomy":"post_tag","embeddable":true,"href":"https:\/\/serbenidorm.daliisolutions.com\/index.php\/wp-json\/wp\/v2\/tags?post=13461"}],"curies":[{"name":"wp","href":"https:\/\/api.w.org\/{rel}","templated":true}]}}