{"id":13463,"date":"2025-03-26T11:43:45","date_gmt":"2025-03-26T10:43:45","guid":{"rendered":"https:\/\/serbenidorm.daliisolutions.com\/index.php\/2025\/03\/26\/el-playas-de-benidorm-se-marcha-de-vacio-por-primera-vez-este-ano\/"},"modified":"2025-03-26T11:43:45","modified_gmt":"2025-03-26T10:43:45","slug":"el-playas-de-benidorm-se-marcha-de-vacio-por-primera-vez-este-ano","status":"publish","type":"post","link":"https:\/\/serbenidorm.daliisolutions.com\/index.php\/2025\/03\/26\/el-playas-de-benidorm-se-marcha-de-vacio-por-primera-vez-este-ano\/","title":{"rendered":"El Playas de Benidorm se marcha de vac\u00edo por primera vez este a\u00f1o"},"content":{"rendered":"  <p><div data-adtype=\"MLDB\"><\/div><\/p>   <p>Benidorm<\/p>   <p>El Servigroup Playas de Benidorm masculino sufri\u00f3 un duro rev\u00e9s el pasado s\u00e1bado en su visita a Pinto, el \u00fanico equipo que en la primera vuelta fue capaz de robarle un punto a los del Ra\u00fal Mesa y desde este fin de semana el \u00fanico equipo que ha conseguido cerrar un partido sin que los de Adriano Lamb sumaran un solo punto, algo que debe servir como importante toque de atenci\u00f3n de cara a lo que est\u00e1 por venir.<\/p>   <p>Llegados a este momento de la temporada, en la que los tres grupos de la competici\u00f3n ya han presentado de manera matem\u00e1tica a sus candidatos al ascenso, los responsables de esas seis escuadras que pelear\u00e1n por estar el a\u00f1o que viene en la Superliga saben que est\u00e1n siendo escrutados por sus rivales y, por lo tanto, se podr\u00eda pensar que todo lo sucedido en Pinto responde tambi\u00e9n a una lectura t\u00e1ctica de la situaci\u00f3n. A un partido en el que Lamb haya querido probar cosas distintas. A un partido en el que se le haya pedido a los jugadores \u2018levantar el pie\u2019 para llegar en perfecto estado a la fase de ascenso.<\/p>   <p>Todo eso puede ser, s\u00ed; pero una derrota por 3-1 (27-25, 25-22, 17-25 y 25-23) no es lo mejor para ir cerrando la fase regular de la competici\u00f3n. Ahora, con dos jornadas todav\u00eda por disputar, el Servigroup Playas de Benidorm tratar\u00e1 de celebrar el pr\u00f3ximo s\u00e1bado (17:00 horas) en el Ra\u00fal Mesa la consecuci\u00f3n del honor\u00edfico t\u00edtulo de campe\u00f3n del grupo C de la competici\u00f3n, algo para lo que se tendr\u00e1 que imponer al Judesa.<\/p>   <p><b>Mejora del femenino<\/b><\/p>   <p>Por su parte, el equipo femenino se impuso por 0-3 (14-25, 19-25 y 25-27) en su visita a la cancha del X\u00e0tiva lo que, unido a la derrota del Cartagena en Almer\u00eda, ha permitido a las de Noelia Santacreu no s\u00f3lo asegurar ya de forma matem\u00e1tica la quinta posici\u00f3n final en la competici\u00f3n, sino tambi\u00e9n igualar a las murcianas en la cuarta plaza, por lo que alcanzar de nuevo esa \u2018medalla de chocolate\u2019 vuelve a estar al alcance de las benidormenses.<\/p> ","protected":false},"excerpt":{"rendered":"<p>La derrota en Pinto debe servir como serio toque de atenci\u00f3n para los de Adriano Lamb<\/p>\n","protected":false},"author":0,"featured_media":13464,"comment_status":"open","ping_status":"open","sticky":false,"template":"","format":"standard","meta":{"_acf_changed":false,"footnotes":""},"categories":[16],"tags":[],"class_list":["post-13463","post","type-post","status-publish","format-standard","has-post-thumbnail","hentry","category-deportes"],"acf":{"ser_id":"ZVHQOBRTABDUBA3SLIHD2UEC3Y","ser_url":"https:\/\/cadenaser.com\/comunitat-valenciana\/2025\/03\/16\/el-playas-de-benidorm-se-marcha-de-vacio-por-primera-vez-este-ano-radio-benidorm\/"},"_links":{"self":[{"href":"https:\/\/serbenidorm.daliisolutions.com\/index.php\/wp-json\/wp\/v2\/posts\/13463","targetHints":{"allow":["GET"]}}],"collection":[{"href":"https:\/\/serbenidorm.daliisolutions.com\/index.php\/wp-json\/wp\/v2\/posts"}],"about":[{"href":"https:\/\/serbenidorm.daliisolutions.com\/index.php\/wp-json\/wp\/v2\/types\/post"}],"replies":[{"embeddable":true,"href":"https:\/\/serbenidorm.daliisolutions.com\/index.php\/wp-json\/wp\/v2\/comments?post=13463"}],"version-history":[{"count":0,"href":"https:\/\/serbenidorm.daliisolutions.com\/index.php\/wp-json\/wp\/v2\/posts\/13463\/revisions"}],"wp:featuredmedia":[{"embeddable":true,"href":"https:\/\/serbenidorm.daliisolutions.com\/index.php\/wp-json\/wp\/v2\/media\/13464"}],"wp:attachment":[{"href":"https:\/\/serbenidorm.daliisolutions.com\/index.php\/wp-json\/wp\/v2\/media?parent=13463"}],"wp:term":[{"taxonomy":"category","embeddable":true,"href":"https:\/\/serbenidorm.daliisolutions.com\/index.php\/wp-json\/wp\/v2\/categories?post=13463"},{"taxonomy":"post_tag","embeddable":true,"href":"https:\/\/serbenidorm.daliisolutions.com\/index.php\/wp-json\/wp\/v2\/tags?post=13463"}],"curies":[{"name":"wp","href":"https:\/\/api.w.org\/{rel}","templated":true}]}}