{"id":13471,"date":"2025-03-26T11:43:59","date_gmt":"2025-03-26T10:43:59","guid":{"rendered":"https:\/\/serbenidorm.daliisolutions.com\/index.php\/2025\/03\/26\/juan-lallemand-triple-ganador-de-las-200-millas-a-2-de-altea-narra-la-epica-regata-de-2025\/"},"modified":"2025-03-26T11:43:59","modified_gmt":"2025-03-26T10:43:59","slug":"juan-lallemand-triple-ganador-de-las-200-millas-a-2-de-altea-narra-la-epica-regata-de-2025","status":"publish","type":"post","link":"https:\/\/serbenidorm.daliisolutions.com\/index.php\/2025\/03\/26\/juan-lallemand-triple-ganador-de-las-200-millas-a-2-de-altea-narra-la-epica-regata-de-2025\/","title":{"rendered":"Juan Lallemand, triple ganador de las 200 millas a 2 de Altea, narra la \u00e9pica regata de 2025"},"content":{"rendered":"  <p><div data-adtype=\"MLDB\"><\/div><\/p>   <p>Benidorm<\/p>   <p>Las 200 Millas a 2 de Altea han vuelto a ser testigo del talento y la estrategia de un equipo formado por Thierry y Juan Lallemand, padre e hijo, que ya ha inscrito su nombre en la historia de la competici\u00f3n. Con dos victorias consecutivas y tres en el c\u00f3mputo global, el m\u00e1s joven de los tripulantes del Guaguanc 4 pas\u00f3 por los micr\u00f3fonos de Radio Benidorm-SER para analizar las claves de su \u00e9xito y sus sue\u00f1os de futuro en el mundo de la vela.<\/p>   <p>El equilibrio entre el desaf\u00edo y el disfrute es fundamental para cualquier regatista. En palabras de Juan Lallemand, lo ideal ser\u00eda \u00abtener 20 nuditos y un poco de sol\u00bb. Aunque las condiciones extremas pueden ser un reto apasionante, contar con un viento constante permite una navegaci\u00f3n m\u00e1s fluida y t\u00e1ctica.<\/p>   <p>Competir en casa siempre es un factor clave. \u00abSabemos cu\u00e1ndo apretar y cu\u00e1ndo ser conservadores\u00bb. El conocimiento de las aguas y las particularidades meteorol\u00f3gicas de la zona han sido determinantes en sus victorias. \u00abLos puntos cr\u00edticos de la regata son el paso de las islas y la llegada a la bah\u00eda de Altea\u00bb, explica, destacando c\u00f3mo la experiencia permite tomar decisiones con mayor seguridad.<\/p>   <p>Guaguanco 4: una historia con ritmo cubano<\/p>   <p>El nombre del barco tiene una historia especial: \u00abViene de un ritmo cubano que escuchaban mis padres cuando eran j\u00f3venes\u00bb. Un gui\u00f1o a la m\u00fasica y a la familia que refuerza el car\u00e1cter \u00fanico de esta embarcaci\u00f3n.<\/p>   <p>En la regata, el t\u00e1ndem formado por padre e hijo ha demostrado ser una f\u00f3rmula ganadora. \u00abLa confianza facilita las cosas, aunque tambi\u00e9n puede generar tensi\u00f3n en momentos de nervios\u00bb. Sin embargo, la experiencia compartida y los a\u00f1os de navegaci\u00f3n conjunta son una ventaja competitiva que pocos pueden igualar.<\/p>   <p>     .c-w {         max-width: 662px;         width: 100%;         margin:12px 0 24px auto;         background: #00755E;         border-radius: 99px;         display: flex;         align-items: center;         justify-content: center;     }     .c-w:hover {         background-color:#6CB3A5;     }      .c-w a {         display: flex;         align-items: center;         justify-content: center;         padding: 6px 0;         width:100%;     }      .c-w img {         width: 24px;         margin-right: 12px;     }      .c-w p {         font: 18px\/30px Poppins;         text-align: center;         color: #fff;         margin: 0;     }      @media (max-width:444px) {         .c-w a {             padding: 4px 12px;         }          .c-w img {             width: 24px;             margin-right: 8px;         }          .c-w p {             font: 14px\/25px Poppins;         }     }      @media (max-width:335px) {         .c-w p {             font: 13px\/25px Poppins;         }     }  <div class=\"c-w\"> <a href=\"https:\/\/www.whatsapp.com\/channel\/0029Va633PF9WtC4l7XUzh1e\" rel=\"nofollow\" target=\"_blank\">         <img decoding=\"async\" src=\"https:\/\/cadenaser.com\/estaticos\/recursosgraficos\/responsive\/img\/ico-whatsapp.svg\" alt=\"Whatsapp\">         <p>\u00danete al <b>canal de WhatsApp<\/b> de la SER<\/p>     <\/a> <\/div><\/p>   <p>Juan ha probado tanto la vela de crucero como la vela ligera, pero tiene clara su elecci\u00f3n: \u00abSiempre me ha atra\u00eddo m\u00e1s el crucero. Ahora mismo, es la clase en la que compito y disfruto\u00bb. Las pruebas de larga distancia y con tripulaciones reducidas son su gran pasi\u00f3n.<\/p> ","protected":false},"excerpt":{"rendered":"<p>El regatista alteano, que compite junto a su padre, mira con ilusi\u00f3n la edici\u00f3n de 2026, que ser\u00e1 Campeonato de Europa<\/p>\n","protected":false},"author":0,"featured_media":13472,"comment_status":"open","ping_status":"open","sticky":false,"template":"","format":"standard","meta":{"_acf_changed":false,"footnotes":""},"categories":[16],"tags":[],"class_list":["post-13471","post","type-post","status-publish","format-standard","has-post-thumbnail","hentry","category-deportes"],"acf":{"ser_id":"T5CVG7VCQZE2VFUSHKJKVGA44Q","ser_url":"https:\/\/cadenaser.com\/comunitat-valenciana\/2025\/03\/13\/juan-lallemand-triple-ganador-de-las-200-millas-a-2-de-altea-narra-la-epica-regata-de-2025-radio-benidorm\/"},"_links":{"self":[{"href":"https:\/\/serbenidorm.daliisolutions.com\/index.php\/wp-json\/wp\/v2\/posts\/13471","targetHints":{"allow":["GET"]}}],"collection":[{"href":"https:\/\/serbenidorm.daliisolutions.com\/index.php\/wp-json\/wp\/v2\/posts"}],"about":[{"href":"https:\/\/serbenidorm.daliisolutions.com\/index.php\/wp-json\/wp\/v2\/types\/post"}],"replies":[{"embeddable":true,"href":"https:\/\/serbenidorm.daliisolutions.com\/index.php\/wp-json\/wp\/v2\/comments?post=13471"}],"version-history":[{"count":0,"href":"https:\/\/serbenidorm.daliisolutions.com\/index.php\/wp-json\/wp\/v2\/posts\/13471\/revisions"}],"wp:featuredmedia":[{"embeddable":true,"href":"https:\/\/serbenidorm.daliisolutions.com\/index.php\/wp-json\/wp\/v2\/media\/13472"}],"wp:attachment":[{"href":"https:\/\/serbenidorm.daliisolutions.com\/index.php\/wp-json\/wp\/v2\/media?parent=13471"}],"wp:term":[{"taxonomy":"category","embeddable":true,"href":"https:\/\/serbenidorm.daliisolutions.com\/index.php\/wp-json\/wp\/v2\/categories?post=13471"},{"taxonomy":"post_tag","embeddable":true,"href":"https:\/\/serbenidorm.daliisolutions.com\/index.php\/wp-json\/wp\/v2\/tags?post=13471"}],"curies":[{"name":"wp","href":"https:\/\/api.w.org\/{rel}","templated":true}]}}