{"id":13473,"date":"2025-03-26T11:44:02","date_gmt":"2025-03-26T10:44:02","guid":{"rendered":"https:\/\/serbenidorm.daliisolutions.com\/index.php\/2025\/03\/26\/valeria-rico-quiero-explorar-hasta-donde-puedo-llegar-en-el-ciclismo\/"},"modified":"2025-03-26T11:44:02","modified_gmt":"2025-03-26T10:44:02","slug":"valeria-rico-quiero-explorar-hasta-donde-puedo-llegar-en-el-ciclismo","status":"publish","type":"post","link":"https:\/\/serbenidorm.daliisolutions.com\/index.php\/2025\/03\/26\/valeria-rico-quiero-explorar-hasta-donde-puedo-llegar-en-el-ciclismo\/","title":{"rendered":"Valeria Rico: \u201cQuiero explorar hasta d\u00f3nde puedo llegar en el ciclismo\u201d"},"content":{"rendered":"  <p><div data-adtype=\"MLDB\"><\/div><\/p>   <p>Benidorm<\/p>   <p>La joven ciclista benidormense Valeria Rico, con solo 15 a\u00f1os, se ha proclamado campeona de la Comunitat Valenciana de puntuaci\u00f3n, confirm\u00e1ndose como una de las grandes promesas del ciclismo femenino. Formada en la prol\u00edfica cantera de la Marina Baixa, donde han surgido nombres como Juan Ayuso o Felipe Orts, Rico demuestra que el talento en la zona sigue creciendo.<\/p>   <p>Un camino natural hacia el ciclismo<\/p>   <p>Desde peque\u00f1a, Valeria ha estado rodeada de ciclismo en su entorno familiar, lo que la llev\u00f3 a elegir este deporte. \u00abHe probado otras disciplinas, como el voleibol, pero al final el ciclismo me atrap\u00f3\u00bb, explica.<\/p>   <p>Dominio en la pista y ambici\u00f3n en la carretera<\/p>   <p>En el reciente auton\u00f3mico de puntuaci\u00f3n, celebrado en el vel\u00f3dromo Lluis Puig de Valencia, Valeria asegur\u00f3 la victoria de manera contundente, logrando sacar dos vueltas al pelot\u00f3n. \u00abSab\u00eda que esprintar no es mi fuerte, as\u00ed que apost\u00e9 por una estrategia ofensiva\u00bb, comenta. Aunque disfruta la pista, su verdadera pasi\u00f3n es la carretera, donde ya ha debutado en la Copa de Espa\u00f1a y se considera \u00abuna escaladora nata\u00bb.<\/p>   <p>Un futuro prometedor<\/p>   <p>A pesar de su corta edad, Valeria ya empieza a plantearse hasta d\u00f3nde puede llegar en el ciclismo profesional. \u00abQuiero seguir explorando este camino y ver hasta d\u00f3nde puedo llegar\u00bb, afirma con determinaci\u00f3n. Con referentes como Jelena Eric y el respaldo de su entorno, su futuro en el ciclismo promete ser brillante.<\/p> ","protected":false},"excerpt":{"rendered":"<p>La joven ciclista benidormense se ha proclamado campeona auton\u00f3mica de puntuaci\u00f3n<\/p>\n","protected":false},"author":0,"featured_media":13474,"comment_status":"open","ping_status":"open","sticky":false,"template":"","format":"standard","meta":{"_acf_changed":false,"footnotes":""},"categories":[16],"tags":[],"class_list":["post-13473","post","type-post","status-publish","format-standard","has-post-thumbnail","hentry","category-deportes"],"acf":{"ser_id":"EBC3OV2XQZAJ7ECRLY4KI34LDQ","ser_url":"https:\/\/cadenaser.com\/comunitat-valenciana\/2025\/03\/13\/valeria-rico-quiero-explorar-hasta-donde-puedo-llegar-en-el-ciclismo-radio-benidorm\/"},"_links":{"self":[{"href":"https:\/\/serbenidorm.daliisolutions.com\/index.php\/wp-json\/wp\/v2\/posts\/13473","targetHints":{"allow":["GET"]}}],"collection":[{"href":"https:\/\/serbenidorm.daliisolutions.com\/index.php\/wp-json\/wp\/v2\/posts"}],"about":[{"href":"https:\/\/serbenidorm.daliisolutions.com\/index.php\/wp-json\/wp\/v2\/types\/post"}],"replies":[{"embeddable":true,"href":"https:\/\/serbenidorm.daliisolutions.com\/index.php\/wp-json\/wp\/v2\/comments?post=13473"}],"version-history":[{"count":0,"href":"https:\/\/serbenidorm.daliisolutions.com\/index.php\/wp-json\/wp\/v2\/posts\/13473\/revisions"}],"wp:featuredmedia":[{"embeddable":true,"href":"https:\/\/serbenidorm.daliisolutions.com\/index.php\/wp-json\/wp\/v2\/media\/13474"}],"wp:attachment":[{"href":"https:\/\/serbenidorm.daliisolutions.com\/index.php\/wp-json\/wp\/v2\/media?parent=13473"}],"wp:term":[{"taxonomy":"category","embeddable":true,"href":"https:\/\/serbenidorm.daliisolutions.com\/index.php\/wp-json\/wp\/v2\/categories?post=13473"},{"taxonomy":"post_tag","embeddable":true,"href":"https:\/\/serbenidorm.daliisolutions.com\/index.php\/wp-json\/wp\/v2\/tags?post=13473"}],"curies":[{"name":"wp","href":"https:\/\/api.w.org\/{rel}","templated":true}]}}