{"id":13478,"date":"2025-03-26T12:14:50","date_gmt":"2025-03-26T11:14:50","guid":{"rendered":"https:\/\/serbenidorm.daliisolutions.com\/index.php\/2025\/03\/26\/bomberos-del-consorcio-se-plantan-no-haran-mas-horas-extra-ni-asistiran-a-cursos-mientras-no-se-atiendan-sus-demandas-contra-la-mala-gestion\/"},"modified":"2025-03-26T12:14:50","modified_gmt":"2025-03-26T11:14:50","slug":"bomberos-del-consorcio-se-plantan-no-haran-mas-horas-extra-ni-asistiran-a-cursos-mientras-no-se-atiendan-sus-demandas-contra-la-mala-gestion","status":"publish","type":"post","link":"https:\/\/serbenidorm.daliisolutions.com\/index.php\/2025\/03\/26\/bomberos-del-consorcio-se-plantan-no-haran-mas-horas-extra-ni-asistiran-a-cursos-mientras-no-se-atiendan-sus-demandas-contra-la-mala-gestion\/","title":{"rendered":"Bomberos del Consorcio se plantan: no har\u00e1n m\u00e1s horas extra ni asistir\u00e1n a cursos mientras no se atiendan sus demandas \u201ccontra la mala gesti\u00f3n\u201d"},"content":{"rendered":"  <p><div data-adtype=\"MLDB\"><\/div><\/p>   <p>Alicante<\/p>   <p>Los bomberos del Consorcio Provincial se levantan en pie de guerra.<\/p>   <p>A partir de hora no realizar\u00e1n ninguna hora extraordinaria ni servicio que no entren en su jornada ordinaria. Tampoco asistir\u00e1n a ning\u00fan curso de formaci\u00f3n externa ni interna y aprovechar\u00e1n cualquier evento o inauguraci\u00f3n prevista para mostrar su descontento.<\/p>   <p>Son medidas que llevar\u00e1n a cabo hasta el pr\u00f3ximo 7 de mayo, fecha del pleno de la Diputaci\u00f3n, y que endurecer\u00e1n desde entonces si no se atienden sus demandas: la primera, reunirse con el presidente de la Diputaci\u00f3n, visto que el diputado del \u00e1rea, Francisco Cano, \u00abno tiene autoridad\u00bb, se\u00f1alan.<\/p>   <p><p>M\u00e1s informaci\u00f3n<\/p><ul><li><a href=\"https:\/\/cadenaser.com\/comunitat-valenciana\/2025\/03\/21\/los-bomberos-denuncian-que-el-consorcio-dejo-desatendidos-municipios-de-alicante-el-dia-de-la-crema-radio-alicante\/\"><span>Bomberos denuncian que el Consorcio dej\u00f3 desatendidos municipios de Alicante el d\u00eda de la Crem\u00e0<\/span><\/a><\/li><li><a href=\"https:\/\/cadenaser.com\/comunitat-valenciana\/2025\/02\/03\/toni-perez-apuesta-por-el-incremento-de-bomberos-en-el-consorcio-para-reducir-horas-extras-que-se-iran-atendiendo-radio-alicante\/\"><span>Toni P\u00e9rez apuesta por el incremento de bomberos en el Consorcio para reducir horas extras que \u201cse ir\u00e1n atendiendo\u201d<\/span><\/a><\/li><\/ul><\/p>   <p>Este mismo martes empezar\u00e1n adem\u00e1s a colocar pancartas en cada uno de los 13 parques de bomberos.<\/p>   <p>As\u00ed lo han decidido representantes de UGT y CGT, reunidos esta ma\u00f1ana en una asamblea para concretar acciones ante el incumplimiento de acuerdos, \u00abla mala gesti\u00f3n y la falta de respeto hacia los trabajadores\u00bb por parte de la direcci\u00f3n que, dicen, ha alcanzado l\u00edmites intolerables\u00bb. Piden, de hecho, la dimisi\u00f3n tanto de esta direcci\u00f3n operativa, como del inspector jefe y sus acompa\u00f1antes, seg\u00fan explica \u00c1ngel Garc\u00eda, delegado de Personal de UGT en el Consorcio.<\/p>   <p>     .c-w {         max-width: 662px;         width: 100%;         margin:12px 0 24px auto;         background: #00755E;         border-radius: 99px;         display: flex;         align-items: center;         justify-content: center;     }     .c-w:hover {         background-color:#6CB3A5;     }      .c-w a {         display: flex;         align-items: center;         justify-content: center;         padding: 6px 0;         width:100%;     }      .c-w img {         width: 24px;         margin-right: 12px;     }      .c-w p {         font: 18px\/30px Poppins;         text-align: center;         color: #fff;         margin: 0;     }      @media (max-width:444px) {         .c-w a {             padding: 4px 12px;         }          .c-w img {             width: 24px;             margin-right: 8px;         }          .c-w p {             font: 14px\/25px Poppins;         }     }      @media (max-width:335px) {         .c-w p {             font: 13px\/25px Poppins;         }     }  <div class=\"c-w\"> <a href=\"https:\/\/www.whatsapp.com\/channel\/0029Va633PF9WtC4l7XUzh1e\" rel=\"nofollow\" target=\"_blank\">         <img decoding=\"async\" src=\"https:\/\/cadenaser.com\/estaticos\/recursosgraficos\/responsive\/img\/ico-whatsapp.svg\" alt=\"Whatsapp\">         <p>\u00danete al <b>canal de WhatsApp<\/b> de la SER<\/p>     <\/a> <\/div><\/p>   <p><div class=\"c-mul-sc\"><div id=\"player-1742922012252\" class=\"c-player-audio\"><button class=\"bt-play\" data-audioid=\"1742922012252\" data-type=\"aod\" data-accountname=\"playser\"><\/button><div class=\"c-copiado\"><p>El c\u00f3digo iframe se ha copiado en el portapapeles<\/p><\/div><div class=\"d-audio\"><p class=\"tit\">\u00c1ngel Garc\u00eda, delegado de Personal de UGT en el Consorcio de Bomberos de Alicante, sobre las medidas de presi\u00f3n contra \u00abla mala gesti\u00f3n\u00bb del servicio<\/p><div class=\"b-pro\"><span class=\"progreso\"><\/span><\/div><div class=\"c-times\"><span class=\"t-progreso\">00:00:00<\/span><span class=\"t-total-audio\">00:25<\/span><\/div><\/div><button class=\"bt-op\"><\/button><div class=\"c-opciones c-comun\"><a href=\"https:\/\/prisa-es.mc.tritondigital.com\/SER_RADIO_ALICANTE_HORA_14\/media\/mcv\/playser\/multimedia\/20250325\/4400238_170120_audio_128.mp3?dist=cadenaser-web-tfp-permanente&amp;csegid=22000&amp;dl=1\" class=\"bt-down\">Descargar<\/a><button class=\"bt-share\">Compartir<\/button><button class=\"bt-close\">Cerrar<\/button><\/div><div class=\"c-opciones c-share\"><button class=\"bt-fb\" data-ssnn=\"facebook\" data-url=\"https:\/\/cadenaser.com\/comunitat-valenciana\/2025\/03\/25\/bomberos-del-consorcio-se-plantan-no-haran-mas-horas-extra-ni-asistiran-a-cursos-mientras-no-se-atiendan-sus-demandas-contra-la-mala-gestion-radio-alicante\/\">Facebook<\/button><button class=\"bt-tw\" data-ssnn=\"twitter\" data-url=\"https:\/\/cadenaser.com\/comunitat-valenciana\/2025\/03\/25\/bomberos-del-consorcio-se-plantan-no-haran-mas-horas-extra-ni-asistiran-a-cursos-mientras-no-se-atiendan-sus-demandas-contra-la-mala-gestion-radio-alicante\/\">Twitter<\/button><button class=\"bt-li\" data-ssnn=\"linkedin\" data-url=\"https:\/\/cadenaser.com\/comunitat-valenciana\/2025\/03\/25\/bomberos-del-consorcio-se-plantan-no-haran-mas-horas-extra-ni-asistiran-a-cursos-mientras-no-se-atiendan-sus-demandas-contra-la-mala-gestion-radio-alicante\/\">Linkedin<\/button><button class=\"bt-wh\" data-ssnn=\"whatsapp\" data-url=\"https:\/\/cadenaser.com\/comunitat-valenciana\/2025\/03\/25\/bomberos-del-consorcio-se-plantan-no-haran-mas-horas-extra-ni-asistiran-a-cursos-mientras-no-se-atiendan-sus-demandas-contra-la-mala-gestion-radio-alicante\/\">WhatsApp<\/button><button class=\"bt-close\">Cerrar<\/button><\/div><\/div><\/div><\/p>   <p>La pasada semana ya celebraron una reuni\u00f3n para abordar la situaci\u00f3n que tachan de \u00abcrisis generalizada\u00bb. <\/p>   <p>A esta han asistido m\u00e1s de 350 personas presencialmente y un centenar de manera telem\u00e1tica, lo que representa entre el 60 y el 70% de la plantilla de todo el Consorcio Provincial.<\/p>   <p>Y es que a pesar de contar con la mayor plantilla de la historia, la falta de bomberos es constante, afirman. Se usan veh\u00edculos p\u00fablicos para fines privados, se contratan empresas externas innecesarias y se producen irregularidades en las oposiciones. <\/p>   <p>Adem\u00e1s, se limitan y bloquean las permutas a los trabajadores, y se han creado puestos de jefatura a discreci\u00f3n y duplicando funciones. A ello se suma que el texto refundido de las condiciones de los trabajadores, que data de 2002, tiene bloqueada su actualizaci\u00f3n. Iniciar la redacci\u00f3n del nuevo texto refundido es otro de los objetivos que se han fijado en la asamblea de este martes.<\/p> ","protected":false},"excerpt":{"rendered":"<p>Tras la asamblea de UGT y CGT celebrada hoy han decidido un paquete de medidas que mantendr\u00e1n hasta el pr\u00f3ximo 7 de mayo<\/p>\n","protected":false},"author":0,"featured_media":13479,"comment_status":"open","ping_status":"open","sticky":false,"template":"","format":"standard","meta":{"_acf_changed":false,"footnotes":""},"categories":[1],"tags":[],"class_list":["post-13478","post","type-post","status-publish","format-standard","has-post-thumbnail","hentry","category-sin-categoria"],"acf":{"ser_id":"YWUNB3SMQ5GNPDTH7WNVQ36FK4","ser_url":"https:\/\/cadenaser.com\/comunitat-valenciana\/2025\/03\/25\/bomberos-del-consorcio-se-plantan-no-haran-mas-horas-extra-ni-asistiran-a-cursos-mientras-no-se-atiendan-sus-demandas-contra-la-mala-gestion-radio-alicante\/"},"_links":{"self":[{"href":"https:\/\/serbenidorm.daliisolutions.com\/index.php\/wp-json\/wp\/v2\/posts\/13478","targetHints":{"allow":["GET"]}}],"collection":[{"href":"https:\/\/serbenidorm.daliisolutions.com\/index.php\/wp-json\/wp\/v2\/posts"}],"about":[{"href":"https:\/\/serbenidorm.daliisolutions.com\/index.php\/wp-json\/wp\/v2\/types\/post"}],"replies":[{"embeddable":true,"href":"https:\/\/serbenidorm.daliisolutions.com\/index.php\/wp-json\/wp\/v2\/comments?post=13478"}],"version-history":[{"count":0,"href":"https:\/\/serbenidorm.daliisolutions.com\/index.php\/wp-json\/wp\/v2\/posts\/13478\/revisions"}],"wp:featuredmedia":[{"embeddable":true,"href":"https:\/\/serbenidorm.daliisolutions.com\/index.php\/wp-json\/wp\/v2\/media\/13479"}],"wp:attachment":[{"href":"https:\/\/serbenidorm.daliisolutions.com\/index.php\/wp-json\/wp\/v2\/media?parent=13478"}],"wp:term":[{"taxonomy":"category","embeddable":true,"href":"https:\/\/serbenidorm.daliisolutions.com\/index.php\/wp-json\/wp\/v2\/categories?post=13478"},{"taxonomy":"post_tag","embeddable":true,"href":"https:\/\/serbenidorm.daliisolutions.com\/index.php\/wp-json\/wp\/v2\/tags?post=13478"}],"curies":[{"name":"wp","href":"https:\/\/api.w.org\/{rel}","templated":true}]}}