{"id":13480,"date":"2025-03-26T12:14:51","date_gmt":"2025-03-26T11:14:51","guid":{"rendered":"https:\/\/serbenidorm.daliisolutions.com\/index.php\/2025\/03\/26\/el-conservatorio-de-benidorm-celebra-el-dia-del-piano-y-anuncia-nuevos-plazos-de-inscripcion\/"},"modified":"2025-03-26T12:14:51","modified_gmt":"2025-03-26T11:14:51","slug":"el-conservatorio-de-benidorm-celebra-el-dia-del-piano-y-anuncia-nuevos-plazos-de-inscripcion","status":"publish","type":"post","link":"https:\/\/serbenidorm.daliisolutions.com\/index.php\/2025\/03\/26\/el-conservatorio-de-benidorm-celebra-el-dia-del-piano-y-anuncia-nuevos-plazos-de-inscripcion\/","title":{"rendered":"El Conservatorio de Benidorm celebra el D\u00eda del Piano y anuncia nuevos plazos de inscripci\u00f3n"},"content":{"rendered":"  <p><div data-adtype=\"MLDB\"><\/div><\/p>   <p>Benidorm<\/p>   <p>El D\u00eda Mundial del Piano se celebra este 29 de marzo, el d\u00eda 88 de cada a\u00f1o representando la cantidad de teclas que tiene este instrumento, y el <a href=\"https:\/\/cadenaser.com\/tag\/benidorm\/a\/\" target=\"_blank\">Conservatorio Profesional Municipal de M\u00fasica &#8216;Jos\u00e9 P\u00e9rez Barcel\u00f3&#8217;<\/a> lo celebra durante toda la semana con una programaci\u00f3n que incluye un taller, este mi\u00e9rcoles en tres sesiones, un concierto, el jueves a las 18 horas, y una sesi\u00f3n de cine sobre Mozart el viernes a la misma hora.<\/p>   <p>Tres profesoras del Conservatorio, ubicado en el Centro Cultural de la avenida Europa, han compartido este martes en <a href=\"https:\/\/cadenaser.com\/tag\/comarca_la_marina_baixa\/a\/\" target=\"_blank\">La Ventana de la Marina Baixa<\/a> algunas de sus experiencias tanto en la pr\u00e1ctica como en la ense\u00f1anza del piano, un instrumento \u00abinsustituible\u00bb para Araceli, Aroa e In\u00e9s.<\/p>  <p><p>M\u00e1s informaci\u00f3n<\/p><figure><img loading=\"lazy\" decoding=\"async\" src=\"https:\/\/cadenaser.com\/resizer\/v2\/FHHDBFOSNRCZDBRZ4D6OUCJFCM.jpg?auth=3cd23b724053b54faa28cc4cc024e9a5431219fd9702a1fe12260e6a101036f9&amp;quality=70&amp;width=360&amp;height=202&amp;smart=true\" width=\"820\" height=\"621\" \/><\/figure><ul><li><a href=\"https:\/\/cadenaser.com\/comunitat-valenciana\/2025\/03\/25\/benidorm-volvera-a-vivir-la-final-de-eurovision-por-todo-lo-alto-radio-benidorm\/\"><span>Benidorm volver\u00e1 a vivir la final de Eurovisi\u00f3n por todo lo alto<\/span><\/a><\/li><\/ul><\/p>   <p>Las docentes han invitado adem\u00e1s a los oyentes a asistir al auditorio de esta instalaci\u00f3n el jueves 3 de abril para presenciar el concierto correspondiente al segundo trimestre y han recordado que celebran jornadas de puertas abiertas todo los jueves entre las 16 y las 20 horas.<\/p>   <p>Informaci\u00f3n sobre inscripciones<\/p>   <p>El Conservatorio abrir\u00e1 la semana que viene el plazo para inscribirse en las pruebas de acceso e ingreso a las ense\u00f1anzas elementales y profesionales para el curso 2025-2026. En concreto, el plazo para realizar la inscripci\u00f3n ser\u00e1 del 1 de abril al 11 de mayo tanto para quienes deseen realizar la prueba de ingreso al primer curso como para los que quieran acceder a otros cursos.<\/p>   <p>En el caso de las ense\u00f1anzas elementales, estas se dirigen principalmente a alumnos de entre 8 y 12 a\u00f1os cumplidos. La adjudicaci\u00f3n de las plazas vacantes en cada especialidad se realizar\u00e1 seg\u00fan el orden de prelaci\u00f3n y en base a la puntuaci\u00f3n definitiva. La inscripci\u00f3n debe hacerse a trav\u00e9s de la sede electr\u00f3nica del Ayuntamiento: <a href=\"https:\/\/sede.benidorm.org\/\">https:\/\/sede.benidorm.org<\/a><\/p>   <p>     .c-w {         max-width: 662px;         width: 100%;         margin:12px 0 24px auto;         background: #00755E;         border-radius: 99px;         display: flex;         align-items: center;         justify-content: center;     }     .c-w:hover {         background-color:#6CB3A5;     }      .c-w a {         display: flex;         align-items: center;         justify-content: center;         padding: 6px 0;         width:100%;     }      .c-w img {         width: 24px;         margin-right: 12px;     }      .c-w p {         font: 18px\/30px Poppins;         text-align: center;         color: #fff;         margin: 0;     }      @media (max-width:444px) {         .c-w a {             padding: 4px 12px;         }          .c-w img {             width: 24px;             margin-right: 8px;         }          .c-w p {             font: 14px\/25px Poppins;         }     }      @media (max-width:335px) {         .c-w p {             font: 13px\/25px Poppins;         }     }  <div class=\"c-w\"> <a href=\"https:\/\/www.whatsapp.com\/channel\/0029Va633PF9WtC4l7XUzh1e\" rel=\"nofollow\" target=\"_blank\">         <img decoding=\"async\" src=\"https:\/\/cadenaser.com\/estaticos\/recursosgraficos\/responsive\/img\/ico-whatsapp.svg\" alt=\"Whatsapp\">         <p>\u00danete al <b>canal de WhatsApp<\/b> de la SER<\/p>     <\/a> <\/div><\/p>   <p>As\u00ed, del 1 al 11 de mayo deber\u00e1 realizarse la inscripci\u00f3n. Un d\u00eda despu\u00e9s se publicar\u00e1 el listado provisional de admitidos. Del 13 al 15 de mayo podr\u00e1n presentarse reclamaciones al listado. El listado definitivo una vez resueltas se publicar\u00e1 el 19 de mayo. El d\u00eda 29 de junio a las 9,00 horas se realizar\u00e1 la prueba de acceso y los resultados provisionales se conocer\u00e1n un d\u00eda despu\u00e9s. Del 30 de junio al 2 de julio se abre un plazo para reclamaciones y el d\u00eda 3 se har\u00e1n p\u00fablicos los resultados definitivos. La adjudicaci\u00f3n de plazas vacantes ser\u00e1 un d\u00eda despu\u00e9s y el 7 de julio se publicar\u00e1 la lista definitiva de admitidos. La matriculaci\u00f3n deber\u00e1 hacerse entre el 7 y el 18 de julio.<\/p>   <p>En cuanto a las pruebas de acceso a las ense\u00f1anzas profesionales, dirigidas a alumnos entre 12 y 18 a\u00f1os, la inscripci\u00f3n tambi\u00e9n habr\u00e1 de hacerse a trav\u00e9s de la sede electr\u00f3nica municipal. En este caso habr\u00e1 dos convocatorias. En la primera, la inscripci\u00f3n ir\u00e1 del 1 de abril al 11 de mayo y seguir\u00e1 el mismo calendario que en las ense\u00f1anzas elementales. En este caso, no obstante, la prueba tendr\u00e1 lugar el 19 de junio a las 9,00 horas. Los resultados provisionales se conocer\u00e1n el d\u00eda 244 y las reclamaciones deber\u00e1n hacerse entre el 25 y el 27 de ese mes. El 30 de junio se publicar\u00e1 el listado definitivo y la matriculaci\u00f3n se har\u00e1 entre el 1 y el 18 de julio.<\/p>   <p>La inscripci\u00f3n en segunda convocatoria se abrir\u00e1 del 1 al 6 de julio y la prueba de acceso tendr\u00e1 lugar el 14 de ese mes a las 9,00 horas. Los resultados definitivos, una vez resueltas las reclamaciones que pudiera haber, se conocer\u00e1n el 21 de julio. En esta convocatoria, el plazo de matriculaci\u00f3n ser\u00e1 del 21 al 24 de julio.<\/p> ","protected":false},"excerpt":{"rendered":"<p>Las pruebas para las ense\u00f1anzas profesionales y elementales tendr\u00e1n lugar el 19 y el 26 de junio respectivamente <\/p>\n","protected":false},"author":0,"featured_media":13481,"comment_status":"open","ping_status":"open","sticky":false,"template":"","format":"standard","meta":{"_acf_changed":false,"footnotes":""},"categories":[1],"tags":[],"class_list":["post-13480","post","type-post","status-publish","format-standard","has-post-thumbnail","hentry","category-sin-categoria"],"acf":{"ser_id":"UJHHTHPQXJHLPOELSP2LPNFZFM","ser_url":"https:\/\/cadenaser.com\/comunitat-valenciana\/2025\/03\/25\/el-conservatorio-de-benidorm-celebra-el-dia-del-piano-y-anuncia-nuevos-plazos-de-inscripcion-radio-benidorm\/"},"_links":{"self":[{"href":"https:\/\/serbenidorm.daliisolutions.com\/index.php\/wp-json\/wp\/v2\/posts\/13480","targetHints":{"allow":["GET"]}}],"collection":[{"href":"https:\/\/serbenidorm.daliisolutions.com\/index.php\/wp-json\/wp\/v2\/posts"}],"about":[{"href":"https:\/\/serbenidorm.daliisolutions.com\/index.php\/wp-json\/wp\/v2\/types\/post"}],"replies":[{"embeddable":true,"href":"https:\/\/serbenidorm.daliisolutions.com\/index.php\/wp-json\/wp\/v2\/comments?post=13480"}],"version-history":[{"count":0,"href":"https:\/\/serbenidorm.daliisolutions.com\/index.php\/wp-json\/wp\/v2\/posts\/13480\/revisions"}],"wp:featuredmedia":[{"embeddable":true,"href":"https:\/\/serbenidorm.daliisolutions.com\/index.php\/wp-json\/wp\/v2\/media\/13481"}],"wp:attachment":[{"href":"https:\/\/serbenidorm.daliisolutions.com\/index.php\/wp-json\/wp\/v2\/media?parent=13480"}],"wp:term":[{"taxonomy":"category","embeddable":true,"href":"https:\/\/serbenidorm.daliisolutions.com\/index.php\/wp-json\/wp\/v2\/categories?post=13480"},{"taxonomy":"post_tag","embeddable":true,"href":"https:\/\/serbenidorm.daliisolutions.com\/index.php\/wp-json\/wp\/v2\/tags?post=13480"}],"curies":[{"name":"wp","href":"https:\/\/api.w.org\/{rel}","templated":true}]}}