{"id":13482,"date":"2025-03-26T12:14:52","date_gmt":"2025-03-26T11:14:52","guid":{"rendered":"https:\/\/serbenidorm.daliisolutions.com\/index.php\/2025\/03\/26\/benidorm-volvera-a-vivir-la-final-de-eurovision-por-todo-lo-alto\/"},"modified":"2025-03-26T12:14:52","modified_gmt":"2025-03-26T11:14:52","slug":"benidorm-volvera-a-vivir-la-final-de-eurovision-por-todo-lo-alto","status":"publish","type":"post","link":"https:\/\/serbenidorm.daliisolutions.com\/index.php\/2025\/03\/26\/benidorm-volvera-a-vivir-la-final-de-eurovision-por-todo-lo-alto\/","title":{"rendered":"Benidorm volver\u00e1 a vivir la final de Eurovisi\u00f3n por todo lo alto"},"content":{"rendered":"  <p><div data-adtype=\"MLDB\"><\/div><\/p>   <p>Benidorm<\/p>   <p>Benidorm volver\u00e1 a vivir por todo lo alto la celebraci\u00f3n del Festival de Eurovisi\u00f3n y ser\u00e1 de nuevo el epicentro de la m\u00fasica nacional e internacional los d\u00edas 16 y 17 de mayo. Hoy se ha presentado en Madrid una nueva edici\u00f3n del Euroclub del Benidorm Fest que tendr\u00e1 lugar en el <a href=\"https:\/\/cadenaser.com\/tag\/benidorm\/a\/\" target=\"_blank\">Parque de l\u2019Aig\u00fcera<\/a>, con entrada gratuita para todos los seguidores del certamen hasta completar el aforo del recinto. Las entradas pueden descargarse sin coste alguno en la plataforma Enterticket a trav\u00e9s del enlace <a href=\"https:\/\/www.enterticket.es\/eventos\/euroclub-benidorm-fest-2025-708122\">https:\/\/www.enterticket.es\/eventos\/euroclub-benidorm-fest-2025-708122<\/a><\/p>   <p>Este nuevo Euroclub Benidorm tendr\u00e1 una amplia y variada programaci\u00f3n con muchos artistas, numerosas sorpresas y una ambientaci\u00f3n a la altura del evento. As\u00ed, la apertura de puertas est\u00e1 prevista a las 18 horas del 16 de mayo para que los \u2018eurofans\u2019 vayan cogiendo sitio y ambient\u00e1ndose para las siguientes horas.<\/p>  <p><p>M\u00e1s informaci\u00f3n<\/p><figure><img loading=\"lazy\" decoding=\"async\" src=\"https:\/\/cadenaser.com\/resizer\/v2\/AFZRRNKAPNERZBP2G4ZK36E73Q.png?auth=b16c82f74f33611047f19314cc37beaa584be378dcc66ed6a96fbcc30bf47cdc&amp;quality=70&amp;width=360&amp;height=202&amp;smart=true\" width=\"820\" height=\"621\" \/><\/figure><ul><li><a href=\"https:\/\/cadenaser.com\/nacional\/2025\/03\/25\/rtve-confia-de-nuevo-en-chanel-y-volvera-a-eurovision-2025-para-dar-los-12-points-de-espana-cadena-ser\/\"><span>RTVE conf\u00eda de nuevo en Chanel y volver\u00e1 a Eurovisi\u00f3n 2025 para dar los &#8217;12 points&#8217; de Espa\u00f1a<\/span><\/a><\/li><\/ul><\/p>   <p>A las 20 horas entrar\u00e1 en escena DJ Dennis Moore y dos horas despu\u00e9s comenzar\u00e1n las actuaciones de varios artistas presentes en el Benidorm Fest. Ya est\u00e1n confirmados JKbello, K!ngdom, La Chispa, Daniela Blasco, Mawot y Carla Frigo.<\/p>   <p>Al d\u00eda siguiente, s\u00e1bado 17, a las doce del mediod\u00eda arrancar\u00e1 el Euroclub junior con las actuaciones de Carlos Higes, Sandra Valero y Chloe de la Rosa. Ese d\u00eda el ambiente festivalero comenzar\u00e1 antes, a las 17.00 con un tardeo y una fiesta con el Benieuro-Bingo y la colaboraci\u00f3n de la OFEB. A las 19 horas volver\u00e1 DJ Dennis Moore y una hora despu\u00e9s tendr\u00e1 lugar la actuaci\u00f3n del d\u00fao Nebulossa, los representantes de Espa\u00f1a en la edici\u00f3n 2024 de Eurovisi\u00f3n.<\/p>   <p>El momento estelar llegar\u00e1 a las 21 horas con la retransmisi\u00f3n en directo de la gala eurovisiva a trav\u00e9s de pantallas gigantes que podr\u00e1 ser seguida por todos los asistentes desde el propio Parque de l\u2019Aig\u00fcera. Todo ello estar\u00e1 acompa\u00f1ado las dos jornadas con espacios para \u2018Food truck\u2019, una \u2018Relax Zone\u2019 y otra \u2018Fun Zone\u2019, entre otras muchas sorpresas.<\/p>   <p>     .c-w {         max-width: 662px;         width: 100%;         margin:12px 0 24px auto;         background: #00755E;         border-radius: 99px;         display: flex;         align-items: center;         justify-content: center;     }     .c-w:hover {         background-color:#6CB3A5;     }      .c-w a {         display: flex;         align-items: center;         justify-content: center;         padding: 6px 0;         width:100%;     }      .c-w img {         width: 24px;         margin-right: 12px;     }      .c-w p {         font: 18px\/30px Poppins;         text-align: center;         color: #fff;         margin: 0;     }      @media (max-width:444px) {         .c-w a {             padding: 4px 12px;         }          .c-w img {             width: 24px;             margin-right: 8px;         }          .c-w p {             font: 14px\/25px Poppins;         }     }      @media (max-width:335px) {         .c-w p {             font: 13px\/25px Poppins;         }     }  <div class=\"c-w\"> <a href=\"https:\/\/www.whatsapp.com\/channel\/0029Va633PF9WtC4l7XUzh1e\" rel=\"nofollow\" target=\"_blank\">         <img decoding=\"async\" src=\"https:\/\/cadenaser.com\/estaticos\/recursosgraficos\/responsive\/img\/ico-whatsapp.svg\" alt=\"Whatsapp\">         <p>\u00danete al <b>canal de WhatsApp<\/b> de la SER<\/p>     <\/a> <\/div><\/p>   <p>Pero adem\u00e1s, y como en a\u00f1os anteriores, Benidorm volver\u00e1 a estar presente en la final de Eurovisi\u00f3n. Chanel Terreros, ganadora de la primera edici\u00f3n del Benidorm Fest y representante de Espa\u00f1a en Eurovisi\u00f3n 2022, ser\u00e1 la encargada de comunicar el veredicto del jurado espa\u00f1ol en la final del certamen eurovisivo. Y lo comunicar\u00e1, como viene ocurriendo en los \u00faltimos tres a\u00f1os, desde Benidorm. As\u00ed lo ha anunciado hoy la directora de Comunicaci\u00f3n y Participaci\u00f3n de RTVE, Mar\u00eda Eizaguirre, en la rueda de prensa celebrada en los estudios de la cadena en Torrespa\u00f1a, a la que ha asistido el edil de Eventos, Jes\u00fas Carrobles.<\/p>   <p>Carrobles ha indicado que \u201cestamos encantados de que Benidorm cuente de nuevo con esa ventana de promoci\u00f3n y visibilidad tan potente que es la final de Eurovisi\u00f3n, que el a\u00f1o pasado alcanz\u00f3 los 163 millones de espectadores en todo el mundo; como tambi\u00e9n es un placer contar con Chanel para ese momento\u201d.<\/p> ","protected":false},"excerpt":{"rendered":"<p>Dos fiestas con artistas invitados y pantallas gigantes para seguir el festival en directo <\/p>\n","protected":false},"author":0,"featured_media":13483,"comment_status":"open","ping_status":"open","sticky":false,"template":"","format":"standard","meta":{"_acf_changed":false,"footnotes":""},"categories":[1],"tags":[],"class_list":["post-13482","post","type-post","status-publish","format-standard","has-post-thumbnail","hentry","category-sin-categoria"],"acf":{"ser_id":"KEFWMC5VBRC25INA2FRFYKVV6M","ser_url":"https:\/\/cadenaser.com\/comunitat-valenciana\/2025\/03\/25\/benidorm-volvera-a-vivir-la-final-de-eurovision-por-todo-lo-alto-radio-benidorm\/"},"_links":{"self":[{"href":"https:\/\/serbenidorm.daliisolutions.com\/index.php\/wp-json\/wp\/v2\/posts\/13482","targetHints":{"allow":["GET"]}}],"collection":[{"href":"https:\/\/serbenidorm.daliisolutions.com\/index.php\/wp-json\/wp\/v2\/posts"}],"about":[{"href":"https:\/\/serbenidorm.daliisolutions.com\/index.php\/wp-json\/wp\/v2\/types\/post"}],"replies":[{"embeddable":true,"href":"https:\/\/serbenidorm.daliisolutions.com\/index.php\/wp-json\/wp\/v2\/comments?post=13482"}],"version-history":[{"count":0,"href":"https:\/\/serbenidorm.daliisolutions.com\/index.php\/wp-json\/wp\/v2\/posts\/13482\/revisions"}],"wp:featuredmedia":[{"embeddable":true,"href":"https:\/\/serbenidorm.daliisolutions.com\/index.php\/wp-json\/wp\/v2\/media\/13483"}],"wp:attachment":[{"href":"https:\/\/serbenidorm.daliisolutions.com\/index.php\/wp-json\/wp\/v2\/media?parent=13482"}],"wp:term":[{"taxonomy":"category","embeddable":true,"href":"https:\/\/serbenidorm.daliisolutions.com\/index.php\/wp-json\/wp\/v2\/categories?post=13482"},{"taxonomy":"post_tag","embeddable":true,"href":"https:\/\/serbenidorm.daliisolutions.com\/index.php\/wp-json\/wp\/v2\/tags?post=13482"}],"curies":[{"name":"wp","href":"https:\/\/api.w.org\/{rel}","templated":true}]}}