{"id":13484,"date":"2025-03-26T12:14:53","date_gmt":"2025-03-26T11:14:53","guid":{"rendered":"https:\/\/serbenidorm.daliisolutions.com\/index.php\/2025\/03\/26\/128-obras-originales-competiran-en-los-ix-premis-altea-de-literatura-i-investigacio\/"},"modified":"2025-03-26T12:14:53","modified_gmt":"2025-03-26T11:14:53","slug":"128-obras-originales-competiran-en-los-ix-premis-altea-de-literatura-i-investigacio","status":"publish","type":"post","link":"https:\/\/serbenidorm.daliisolutions.com\/index.php\/2025\/03\/26\/128-obras-originales-competiran-en-los-ix-premis-altea-de-literatura-i-investigacio\/","title":{"rendered":"128 obras originales competir\u00e1n en los IX Premis Altea de Literatura i Investigaci\u00f3"},"content":{"rendered":"  <p><div data-adtype=\"MLDB\"><\/div><\/p>   <p>Altea<\/p>   <p>Los Premis Altea de Literatura i Investigaci\u00f3 calientan motores para una novena edici\u00f3n que ha rozado la cifra r\u00e9cord de obras a concurso con 128 originales participantes, solo ocho menos que el a\u00f1o pasado. De ellos 85 se han presentado al Premi Carmelina S\u00e1nchez-Cutillas, que se consolida como <a href=\"https:\/\/cadenaser.com\/tag\/altea\/a\/\" target=\"_blank\">el de mayor participaci\u00f3n, con diferencia, entre todos los premios de novela convocados en el seno del circuito editorial valenciano<\/a>.<\/p>   <p>A estos hay que sumar nueve originales para el Premi d\u2019Assaig i Investigaci\u00f3 Francesc Mart\u00ednez i Mart\u00ednez y 34 en el Premi Altea de Literatura Infantil i Juvenil, que tambi\u00e9n est\u00e1n entre los m\u00e1s concurridos de las letras valencianas contempor\u00e1neas en sus respectivas categor\u00edas.<\/p>  <p><p>M\u00e1s informaci\u00f3n<\/p><figure><img loading=\"lazy\" decoding=\"async\" src=\"https:\/\/cadenaser.com\/resizer\/v2\/NHEJ5WDBLNANHBFBQOVV3OKVFM.jpg?auth=ff2865f0bd4e5200899c03ec32cce1aeef1ddfd7a0cd09cbe0bf2e4b000f30de&amp;quality=70&amp;width=360&amp;height=202&amp;smart=true\" width=\"820\" height=\"621\" \/><\/figure><ul><li><a href=\"https:\/\/cadenaser.com\/comunitat-valenciana\/2025\/03\/25\/una-maquina-rota-suelo-levantado-o-ratas-el-pp-de-altea-denuncia-el-estado-de-parques-y-zonas-recreativas-radio-benidorm\/\"><span>Una m\u00e1quina rota, suelo levantado o ratas: el PP de Altea denuncia el estado de parques y zonas recreativas<\/span><\/a><\/li><\/ul><\/p>   <p> El municipio se prepara para celebrar, el pr\u00f3ximo s\u00e1bado 12 de abril \u2014como siempre la v\u00edspera del Domingo de Ramos\u2014, la tradicional cena de gala en la que se dar\u00e1n a conocer las autoras y los autores galardonados en las diferentes secciones objeto de concurso.<\/p>   <p>Premi Estela d&#8217;Honor<\/p>   <p>El \u00fanico premio en el que no habr\u00e1 intrigas durante esa gala es el Premi Estela de Honor porque la organizaci\u00f3n acaba de hacer p\u00fablico que en la edici\u00f3n de 2025 el reconocimiento honor\u00edfico recaer\u00e1 en la figura y la memoria de la profesora alteana Antonia Consuelo Orozco, una aut\u00e9ntica pionera del conocimiento en el \u00e1mbito de las ciencias qu\u00edmicas. <\/p>   <p>\u00abLa se\u00f1ora Antonia Consuelo Orozco, do\u00f1a Antonia, fue una de las primeras mujeres en licenciarse en Ciencias -Secci\u00f3n Qu\u00edmicas- por la Universidad de Valencia, en 1926. Y durante muchos a\u00f1os ejerci\u00f3 como profesora de ciencias y directora del Colegio Libre Adoptado \u2013CLA- de Altea, donde propici\u00f3 que toda una generaci\u00f3n de alteanas y alteanos adquiriese la formaci\u00f3n necesaria para encarar con el \u00e9xito la transici\u00f3n desde una sociedad preindustrial hasta la actual sociedad del conocimiento\u00bb, ha destacado la concejala de Cultura de la villa blanca Pepa Victoria P\u00e9rez.<\/p>   <p>     .c-w {         max-width: 662px;         width: 100%;         margin:12px 0 24px auto;         background: #00755E;         border-radius: 99px;         display: flex;         align-items: center;         justify-content: center;     }     .c-w:hover {         background-color:#6CB3A5;     }      .c-w a {         display: flex;         align-items: center;         justify-content: center;         padding: 6px 0;         width:100%;     }      .c-w img {         width: 24px;         margin-right: 12px;     }      .c-w p {         font: 18px\/30px Poppins;         text-align: center;         color: #fff;         margin: 0;     }      @media (max-width:444px) {         .c-w a {             padding: 4px 12px;         }          .c-w img {             width: 24px;             margin-right: 8px;         }          .c-w p {             font: 14px\/25px Poppins;         }     }      @media (max-width:335px) {         .c-w p {             font: 13px\/25px Poppins;         }     }  <div class=\"c-w\"> <a href=\"https:\/\/www.whatsapp.com\/channel\/0029Va633PF9WtC4l7XUzh1e\" rel=\"nofollow\" target=\"_blank\">         <img decoding=\"async\" src=\"https:\/\/cadenaser.com\/estaticos\/recursosgraficos\/responsive\/img\/ico-whatsapp.svg\" alt=\"Whatsapp\">         <p>\u00danete al <b>canal de WhatsApp<\/b> de la SER<\/p>     <\/a> <\/div><\/p>   <p>Desde esta semana resulta posible adquirir entradas para asistir a la gala-cena de los IX Premis Altea de Literatura i Investigaci\u00f3 en la web <a href=\"https:\/\/www.alteacultural.com\/events\/gran-gala-sopar-dels-premis-altea-2025\"><u>https:\/\/www.alteacultural.com\/events\/gran-gala-sopar-dels-premis-altea-2025<\/u><\/a>.<\/p> ","protected":false},"excerpt":{"rendered":"<p>Antonia Consuelo Orozco, \u201cPremi Estela d\u2019Honor\u201d<\/p>\n","protected":false},"author":0,"featured_media":13485,"comment_status":"open","ping_status":"open","sticky":false,"template":"","format":"standard","meta":{"_acf_changed":false,"footnotes":""},"categories":[1],"tags":[],"class_list":["post-13484","post","type-post","status-publish","format-standard","has-post-thumbnail","hentry","category-sin-categoria"],"acf":{"ser_id":"R62TFU7RHVHAPGGXHQFMXLYXJE","ser_url":"https:\/\/cadenaser.com\/comunitat-valenciana\/2025\/03\/25\/128-obras-originales-competiran-en-los-ix-premis-altea-de-literatura-i-investigacio-radio-benidorm\/"},"_links":{"self":[{"href":"https:\/\/serbenidorm.daliisolutions.com\/index.php\/wp-json\/wp\/v2\/posts\/13484","targetHints":{"allow":["GET"]}}],"collection":[{"href":"https:\/\/serbenidorm.daliisolutions.com\/index.php\/wp-json\/wp\/v2\/posts"}],"about":[{"href":"https:\/\/serbenidorm.daliisolutions.com\/index.php\/wp-json\/wp\/v2\/types\/post"}],"replies":[{"embeddable":true,"href":"https:\/\/serbenidorm.daliisolutions.com\/index.php\/wp-json\/wp\/v2\/comments?post=13484"}],"version-history":[{"count":0,"href":"https:\/\/serbenidorm.daliisolutions.com\/index.php\/wp-json\/wp\/v2\/posts\/13484\/revisions"}],"wp:featuredmedia":[{"embeddable":true,"href":"https:\/\/serbenidorm.daliisolutions.com\/index.php\/wp-json\/wp\/v2\/media\/13485"}],"wp:attachment":[{"href":"https:\/\/serbenidorm.daliisolutions.com\/index.php\/wp-json\/wp\/v2\/media?parent=13484"}],"wp:term":[{"taxonomy":"category","embeddable":true,"href":"https:\/\/serbenidorm.daliisolutions.com\/index.php\/wp-json\/wp\/v2\/categories?post=13484"},{"taxonomy":"post_tag","embeddable":true,"href":"https:\/\/serbenidorm.daliisolutions.com\/index.php\/wp-json\/wp\/v2\/tags?post=13484"}],"curies":[{"name":"wp","href":"https:\/\/api.w.org\/{rel}","templated":true}]}}