{"id":13486,"date":"2025-03-26T12:14:55","date_gmt":"2025-03-26T11:14:55","guid":{"rendered":"https:\/\/serbenidorm.daliisolutions.com\/index.php\/2025\/03\/26\/una-maquina-rota-suelo-levantado-o-ratas-el-pp-de-altea-denuncia-el-estado-de-parques-y-zonas-recreativas\/"},"modified":"2025-03-26T12:14:55","modified_gmt":"2025-03-26T11:14:55","slug":"una-maquina-rota-suelo-levantado-o-ratas-el-pp-de-altea-denuncia-el-estado-de-parques-y-zonas-recreativas","status":"publish","type":"post","link":"https:\/\/serbenidorm.daliisolutions.com\/index.php\/2025\/03\/26\/una-maquina-rota-suelo-levantado-o-ratas-el-pp-de-altea-denuncia-el-estado-de-parques-y-zonas-recreativas\/","title":{"rendered":"Una m\u00e1quina rota, suelo levantado o ratas: el PP de Altea denuncia el estado de parques y zonas recreativas"},"content":{"rendered":"  <p><div data-adtype=\"MLDB\"><\/div><\/p>   <p>Altea<\/p>   <p>La oposici\u00f3n, encabezada en Altea por el Partido Popular, ha criticado con dureza esta semana la \u00abalarmante\u00bb falta de mantenimiento en los parques y zonas recreativas: \u00abLa falta de atenci\u00f3n a estas \u00e1reas no solo es un problema est\u00e9tico, sino que representa un verdadero peligro para todos, especialmente los m\u00e1s peque\u00f1os que juegan en ellas\u00bb, ha destacado su concejal <a href=\"https:\/\/cadenaser.com\/tag\/altea\/a\/\" target=\"_blank\">Jos\u00e9 Mar\u00eda Sell\u00e9s<\/a>.<\/p>   <p>El edil ha hecho hincapi\u00e9 en la situaci\u00f3n del paseo \u00abcon una maquina rota con bordes afilados y oxidados al alcance de los ni\u00f1os durante semanas sin se\u00f1alizar ni arreglar, como el parque de perros donde continuamente hay accidentes de los ni\u00f1os y todo por un mal dise\u00f1o y distribuci\u00f3n del espacio. La prisa por terminarlo antes de las elecciones sumado al descuido en su mantenimiento pone en riesgo la seguridad de los usuarios\u00bb.<\/p>   <p>Adem\u00e1s Sell\u00e9s ha afirmado que \u00abno es tolerable que en el parque infantil del CEAM paseen las ratas tranquilamente a plena luz del d\u00eda o que el parque infantil de Extranjer\u00eda, donde el suelo est\u00e1 levantado con los riesgos que conlleva para los ni\u00f1os, est\u00e9 lleno de heces de p\u00e1jaros, perros y gatos, donde sus due\u00f1os que los pasean por el c\u00e9sped no las recogen\u00bb<\/p>   <p>\u00abEn  Altea, tenemos un gobierno que parece m\u00e1s preocupado por su imagen y la propaganda que por hacer las cosas bien. Ejemplos de obras mal hechas o inacabadas son la calle Sol, el nuevo paseo, los contenedores soterrados, la Avenida Comunidad Valenciana con una carretera que cruza varios parques y donde hay riesgo de atropellamiento , la iluminaci\u00f3n de los pasos de cebra, etc.\u00bb, ha se\u00f1alado.<\/p>   <p>El PP exige as\u00ed que \u00abtomen medidas inmediatamente y se realice un correcto mantenimiento y reparaci\u00f3n\u00bb; desde el gobierno local no han querido reaccionar por el momento a esta serie de cr\u00edticas.<\/p>   <p>     .c-w {         max-width: 662px;         width: 100%;         margin:12px 0 24px auto;         background: #00755E;         border-radius: 99px;         display: flex;         align-items: center;         justify-content: center;     }     .c-w:hover {         background-color:#6CB3A5;     }      .c-w a {         display: flex;         align-items: center;         justify-content: center;         padding: 6px 0;         width:100%;     }      .c-w img {         width: 24px;         margin-right: 12px;     }      .c-w p {         font: 18px\/30px Poppins;         text-align: center;         color: #fff;         margin: 0;     }      @media (max-width:444px) {         .c-w a {             padding: 4px 12px;         }          .c-w img {             width: 24px;             margin-right: 8px;         }          .c-w p {             font: 14px\/25px Poppins;         }     }      @media (max-width:335px) {         .c-w p {             font: 13px\/25px Poppins;         }     }  <div class=\"c-w\"> <a href=\"https:\/\/www.whatsapp.com\/channel\/0029Va633PF9WtC4l7XUzh1e\" rel=\"nofollow\" target=\"_blank\">         <img decoding=\"async\" src=\"https:\/\/cadenaser.com\/estaticos\/recursosgraficos\/responsive\/img\/ico-whatsapp.svg\" alt=\"Whatsapp\">         <p>\u00danete al <b>canal de WhatsApp<\/b> de la SER<\/p>     <\/a> <\/div><\/p> ","protected":false},"excerpt":{"rendered":"<p>La oposici\u00f3n asegura que la falta de mantenimiento de estas \u00e1reas supone un peligro <\/p>\n","protected":false},"author":0,"featured_media":13487,"comment_status":"open","ping_status":"open","sticky":false,"template":"","format":"standard","meta":{"_acf_changed":false,"footnotes":""},"categories":[1],"tags":[],"class_list":["post-13486","post","type-post","status-publish","format-standard","has-post-thumbnail","hentry","category-sin-categoria"],"acf":{"ser_id":"M2KLNBLDK5EVRMPQDTIMJNRYUE","ser_url":"https:\/\/cadenaser.com\/comunitat-valenciana\/2025\/03\/25\/una-maquina-rota-suelo-levantado-o-ratas-el-pp-de-altea-denuncia-el-estado-de-parques-y-zonas-recreativas-radio-benidorm\/"},"_links":{"self":[{"href":"https:\/\/serbenidorm.daliisolutions.com\/index.php\/wp-json\/wp\/v2\/posts\/13486","targetHints":{"allow":["GET"]}}],"collection":[{"href":"https:\/\/serbenidorm.daliisolutions.com\/index.php\/wp-json\/wp\/v2\/posts"}],"about":[{"href":"https:\/\/serbenidorm.daliisolutions.com\/index.php\/wp-json\/wp\/v2\/types\/post"}],"replies":[{"embeddable":true,"href":"https:\/\/serbenidorm.daliisolutions.com\/index.php\/wp-json\/wp\/v2\/comments?post=13486"}],"version-history":[{"count":0,"href":"https:\/\/serbenidorm.daliisolutions.com\/index.php\/wp-json\/wp\/v2\/posts\/13486\/revisions"}],"wp:featuredmedia":[{"embeddable":true,"href":"https:\/\/serbenidorm.daliisolutions.com\/index.php\/wp-json\/wp\/v2\/media\/13487"}],"wp:attachment":[{"href":"https:\/\/serbenidorm.daliisolutions.com\/index.php\/wp-json\/wp\/v2\/media?parent=13486"}],"wp:term":[{"taxonomy":"category","embeddable":true,"href":"https:\/\/serbenidorm.daliisolutions.com\/index.php\/wp-json\/wp\/v2\/categories?post=13486"},{"taxonomy":"post_tag","embeddable":true,"href":"https:\/\/serbenidorm.daliisolutions.com\/index.php\/wp-json\/wp\/v2\/tags?post=13486"}],"curies":[{"name":"wp","href":"https:\/\/api.w.org\/{rel}","templated":true}]}}