{"id":13488,"date":"2025-03-26T12:14:56","date_gmt":"2025-03-26T11:14:56","guid":{"rendered":"https:\/\/serbenidorm.daliisolutions.com\/index.php\/2025\/03\/26\/la-policia-detiene-al-responsable-de-un-locutorio-de-benidorm-por-estafar-con-el-familiar-en-apuros\/"},"modified":"2025-03-26T12:14:56","modified_gmt":"2025-03-26T11:14:56","slug":"la-policia-detiene-al-responsable-de-un-locutorio-de-benidorm-por-estafar-con-el-familiar-en-apuros","status":"publish","type":"post","link":"https:\/\/serbenidorm.daliisolutions.com\/index.php\/2025\/03\/26\/la-policia-detiene-al-responsable-de-un-locutorio-de-benidorm-por-estafar-con-el-familiar-en-apuros\/","title":{"rendered":"La Polic\u00eda detiene al responsable de un locutorio de Benidorm por estafar con el &#8216;familiar en apuros&#8217;"},"content":{"rendered":"  <p><div data-adtype=\"MLDB\"><\/div><\/p>   <p>Benidorm<\/p>   <p>Un hombre que regenta un locutorio de Benidorm ha sido detenido por la Polic\u00eda Nacional por su relaci\u00f3n con una supuesta estafa de 4.000 euros a una vecina de Badajoz mediante la modalidad del familiar en apuros, en la que<a href=\"https:\/\/cadenaser.com\/tag\/benidorm\/a\/\" target=\"_blank\"> haci\u00e9ndose pasar por los hijos de las v\u00edctimas solicitan dinero por una emergencia<\/a>.<\/p>   <p>La investigaci\u00f3n, en la que han participado agentes de las comisar\u00edas de Badajoz, Madrid y Benidorm, comenz\u00f3 a ra\u00edz de la denuncia interpuesta por la v\u00edctima, quien fue enga\u00f1ada por personas que haci\u00e9ndose pasar por su hija, y convenci\u00e9ndole de que ten\u00eda problemas con su tel\u00e9fono m\u00f3vil, le reclamaron una transferencia urgente de cuatro mil euros, a lo que accedi\u00f3.<\/p>  <p><p>M\u00e1s informaci\u00f3n<\/p><figure><img loading=\"lazy\" decoding=\"async\" src=\"https:\/\/cadenaser.com\/resizer\/v2\/7H7PDQXJ6FHLTHPJS7T3PZUU7A.jpg?auth=1a5158b2a9f47ee7f8088051b6767493486dcbe2f776a0358b3cb0774b9695b9&amp;quality=70&amp;width=360&amp;height=202&amp;smart=true\" width=\"820\" height=\"621\" \/><\/figure><ul><li><a href=\"https:\/\/cadenaser.com\/comunitat-valenciana\/2025\/03\/24\/la-guardia-civil-detiene-al-responsable-de-multitud-de-robos-en-casas-y-negocios-de-altea-y-javea-radio-benidorm\/\"><span>La Guardia Civil detiene al responsable de multitud de robos en casas y negocios de Altea y J\u00e1vea<\/span><\/a><\/li><\/ul><\/p>   <p>Posteriormente le volvieron a pedir un nuevo pago 4.985 euros, lo que le result\u00f3 sospechoso, comprobando que se trataba de una estafa, ha informado este martes el cuerpo policial en una nota.<\/p>   <p>Los agentes del Grupo de Delitos Tecnol\u00f3gicos de la Brigada Provincial de Badajoz, con los n\u00fameros de tel\u00e9fonos aportados y los datos bancarios del beneficiario de la transacci\u00f3n, identificaron al titular de la cuenta, un hombre afincado en Madrid, por lo que remitieron esta informaci\u00f3n a la Comisar\u00eda de Madrid-Tetu\u00e1n, que procedi\u00f3 a su detenci\u00f3n por estafa y blanqueo de capitales.<\/p>   <p>Paralelamente, comprobaron que el titular del tel\u00e9fono utilizado para enviar los mensajes a la v\u00edctima era un var\u00f3n de C\u00f3rdoba, que anteriormente hab\u00eda interpuesto una denuncia por usurpaci\u00f3n de estado civil, consider\u00e1ndolo otra v\u00edctima de los estafadores.<\/p>   <p>     .c-w {         max-width: 662px;         width: 100%;         margin:12px 0 24px auto;         background: #00755E;         border-radius: 99px;         display: flex;         align-items: center;         justify-content: center;     }     .c-w:hover {         background-color:#6CB3A5;     }      .c-w a {         display: flex;         align-items: center;         justify-content: center;         padding: 6px 0;         width:100%;     }      .c-w img {         width: 24px;         margin-right: 12px;     }      .c-w p {         font: 18px\/30px Poppins;         text-align: center;         color: #fff;         margin: 0;     }      @media (max-width:444px) {         .c-w a {             padding: 4px 12px;         }          .c-w img {             width: 24px;             margin-right: 8px;         }          .c-w p {             font: 14px\/25px Poppins;         }     }      @media (max-width:335px) {         .c-w p {             font: 13px\/25px Poppins;         }     }  <div class=\"c-w\"> <a href=\"https:\/\/www.whatsapp.com\/channel\/0029Va633PF9WtC4l7XUzh1e\" rel=\"nofollow\" target=\"_blank\">         <img decoding=\"async\" src=\"https:\/\/cadenaser.com\/estaticos\/recursosgraficos\/responsive\/img\/ico-whatsapp.svg\" alt=\"Whatsapp\">         <p>\u00danete al <b>canal de WhatsApp<\/b> de la SER<\/p>     <\/a> <\/div><\/p>   <p>Dicho tel\u00e9fono se hab\u00eda activado y dado de alta con una identidad falsa en un locutorio de Benidorm (Alicante), regentado por un hombre con antecedentes por hechos similares y que fue detenido por falsedad documental. <\/p> ","protected":false},"excerpt":{"rendered":"<p>La v\u00edctima es una mujer de Badajoz de 64 a\u00f1os<\/p>\n","protected":false},"author":0,"featured_media":13489,"comment_status":"open","ping_status":"open","sticky":false,"template":"","format":"standard","meta":{"_acf_changed":false,"footnotes":""},"categories":[1],"tags":[],"class_list":["post-13488","post","type-post","status-publish","format-standard","has-post-thumbnail","hentry","category-sin-categoria"],"acf":{"ser_id":"OBFC3OGZUNAEZI2GVFC7UNTK2A","ser_url":"https:\/\/cadenaser.com\/comunitat-valenciana\/2025\/03\/25\/la-policia-detiene-al-responsable-de-un-locutorio-de-benidorm-por-estafar-con-el-familiar-en-apuros-radio-benidorm\/"},"_links":{"self":[{"href":"https:\/\/serbenidorm.daliisolutions.com\/index.php\/wp-json\/wp\/v2\/posts\/13488","targetHints":{"allow":["GET"]}}],"collection":[{"href":"https:\/\/serbenidorm.daliisolutions.com\/index.php\/wp-json\/wp\/v2\/posts"}],"about":[{"href":"https:\/\/serbenidorm.daliisolutions.com\/index.php\/wp-json\/wp\/v2\/types\/post"}],"replies":[{"embeddable":true,"href":"https:\/\/serbenidorm.daliisolutions.com\/index.php\/wp-json\/wp\/v2\/comments?post=13488"}],"version-history":[{"count":0,"href":"https:\/\/serbenidorm.daliisolutions.com\/index.php\/wp-json\/wp\/v2\/posts\/13488\/revisions"}],"wp:featuredmedia":[{"embeddable":true,"href":"https:\/\/serbenidorm.daliisolutions.com\/index.php\/wp-json\/wp\/v2\/media\/13489"}],"wp:attachment":[{"href":"https:\/\/serbenidorm.daliisolutions.com\/index.php\/wp-json\/wp\/v2\/media?parent=13488"}],"wp:term":[{"taxonomy":"category","embeddable":true,"href":"https:\/\/serbenidorm.daliisolutions.com\/index.php\/wp-json\/wp\/v2\/categories?post=13488"},{"taxonomy":"post_tag","embeddable":true,"href":"https:\/\/serbenidorm.daliisolutions.com\/index.php\/wp-json\/wp\/v2\/tags?post=13488"}],"curies":[{"name":"wp","href":"https:\/\/api.w.org\/{rel}","templated":true}]}}