{"id":13490,"date":"2025-03-26T12:14:56","date_gmt":"2025-03-26T11:14:56","guid":{"rendered":"https:\/\/serbenidorm.daliisolutions.com\/index.php\/2025\/03\/26\/prohibido-fumar-en-la-playa-del-albir-a-partir-de-verano\/"},"modified":"2025-03-26T12:14:56","modified_gmt":"2025-03-26T11:14:56","slug":"prohibido-fumar-en-la-playa-del-albir-a-partir-de-verano","status":"publish","type":"post","link":"https:\/\/serbenidorm.daliisolutions.com\/index.php\/2025\/03\/26\/prohibido-fumar-en-la-playa-del-albir-a-partir-de-verano\/","title":{"rendered":"Prohibido fumar en la playa del Albir a partir de verano"},"content":{"rendered":"  <p><div data-adtype=\"MLDB\"><\/div><\/p>   <p>L&#8217;Alf\u00e0s del Pi<\/p>   <p>A partir del verano estar\u00e1 prohibido fumar en la playa de l\u2019Albir, que pasar\u00e1 a ser un espacio libre de humos. Un compromiso que ha anunciado el alcalde de l\u2019Alf\u00e0s del Pi, Vicente Arques, en la presentaci\u00f3n de la campa\u00f1a &#8216;Vive l\u2019Alf\u00e0s Saludable&#8217;.  Se trata, en palabras del primer edil, de \u00abuna medida coherente con las pol\u00edticas promovidas por el Gobierno local desde el primer momento, y avaladas con los fondos europeos\u00bb.<\/p>   <p>El tabaco cada vez est\u00e1 m\u00e1s vetado en las playas y son varios los arenales de la Marina Baixa donde en los \u00faltimos a\u00f1os han restringido esta pr\u00e1ctica en un sentido u otro. Por ejemplo en Benidorm, donde se prohibi\u00f3 fumar en tiempos de pandemia, a ra\u00edz de un reciente convenio con la<b> <\/b>Asociaci\u00f3n Espa\u00f1ola contra el C\u00e1ncer est\u00e1 restringido solo en los <a href=\"https:\/\/cadenaser.com\/tag\/benidorm\/a\/\" target=\"_blank\">puntos de accesibilidad instalados en Levante y Poniente<\/a>.<\/p>  <p><p>M\u00e1s informaci\u00f3n<\/p><figure><img loading=\"lazy\" decoding=\"async\" src=\"https:\/\/cadenaser.com\/resizer\/v2\/RTN4WIOISRAIZM6SCRHCCJSLQI.jpg?auth=a036506ec01fded01a6b1e8b1737528ead56eb748e8732b02ecf29b41edfa4ba&amp;quality=70&amp;width=360&amp;height=202&amp;smart=true\" width=\"820\" height=\"621\" \/><\/figure><ul><li><a href=\"https:\/\/cadenaser.com\/comunitat-valenciana\/2025\/03\/18\/arranca-el-viernes-la-programacion-anual-vive-lalfas-saludable-radio-benidorm\/\"><span>Arranca la programaci\u00f3n anual \u201cVive L\u2019Alf\u00e0s Saludable\u201d<\/span><\/a><\/li><\/ul><\/p>   <p>Otra playa completamente libre de humos desde 2020, al menos con las ordenanzas en la mano, es la Cala de Finestrat. All\u00ed la medida establece la prohibici\u00f3n de fumar y tambi\u00e9n vapear (fumar con cigarrillos electr\u00f3nicos) en todas las zonas de uso p\u00fablico del arenal y su incumplimiento puede acarrear sanciones de hasta 750\u20ac.<\/p>   <p>Una poblaci\u00f3n envejecida<\/p>   <p>El anuncio de prohibir fumar en la playa del Albir es el primer anuncio de la nueva campa\u00f1a del Ayuntamiento &#8216;Vive l&#8217;Alf\u00e0s Saludable&#8217; que marcar\u00e1 la agenda municipal durante este 2025.<\/p>   <p>L\u2019Alf\u00e0s, explican desde el consistorio, tendr\u00e1 en 2030 una pir\u00e1mide poblacional inversa. Por ello \u00abha incorporado la salud de la ciudadan\u00eda como materia transversal en el conjunto de las actuaciones y pol\u00edticas municipales, reflejando un firme compromiso en materia de bienestar, buenas pr\u00e1cticas, sostenibilidad y salud\u00bb.<\/p>   <p>     .c-w {         max-width: 662px;         width: 100%;         margin:12px 0 24px auto;         background: #00755E;         border-radius: 99px;         display: flex;         align-items: center;         justify-content: center;     }     .c-w:hover {         background-color:#6CB3A5;     }      .c-w a {         display: flex;         align-items: center;         justify-content: center;         padding: 6px 0;         width:100%;     }      .c-w img {         width: 24px;         margin-right: 12px;     }      .c-w p {         font: 18px\/30px Poppins;         text-align: center;         color: #fff;         margin: 0;     }      @media (max-width:444px) {         .c-w a {             padding: 4px 12px;         }          .c-w img {             width: 24px;             margin-right: 8px;         }          .c-w p {             font: 14px\/25px Poppins;         }     }      @media (max-width:335px) {         .c-w p {             font: 13px\/25px Poppins;         }     }  <div class=\"c-w\"> <a href=\"https:\/\/www.whatsapp.com\/channel\/0029Va633PF9WtC4l7XUzh1e\" rel=\"nofollow\" target=\"_blank\">         <img decoding=\"async\" src=\"https:\/\/cadenaser.com\/estaticos\/recursosgraficos\/responsive\/img\/ico-whatsapp.svg\" alt=\"Whatsapp\">         <p>\u00danete al <b>canal de WhatsApp<\/b> de la SER<\/p>     <\/a> <\/div><\/p> ","protected":false},"excerpt":{"rendered":"<p>Se suma a la Cala de Finestrat<\/p>\n","protected":false},"author":0,"featured_media":13491,"comment_status":"open","ping_status":"open","sticky":false,"template":"","format":"standard","meta":{"_acf_changed":false,"footnotes":""},"categories":[1],"tags":[],"class_list":["post-13490","post","type-post","status-publish","format-standard","has-post-thumbnail","hentry","category-sin-categoria"],"acf":{"ser_id":"LXLPKF55ANEMHPRNRLLIPGWZKE","ser_url":"https:\/\/cadenaser.com\/comunitat-valenciana\/2025\/03\/24\/prohibido-fumar-en-la-playa-del-albir-a-partir-de-verano-radio-benidorm\/"},"_links":{"self":[{"href":"https:\/\/serbenidorm.daliisolutions.com\/index.php\/wp-json\/wp\/v2\/posts\/13490","targetHints":{"allow":["GET"]}}],"collection":[{"href":"https:\/\/serbenidorm.daliisolutions.com\/index.php\/wp-json\/wp\/v2\/posts"}],"about":[{"href":"https:\/\/serbenidorm.daliisolutions.com\/index.php\/wp-json\/wp\/v2\/types\/post"}],"replies":[{"embeddable":true,"href":"https:\/\/serbenidorm.daliisolutions.com\/index.php\/wp-json\/wp\/v2\/comments?post=13490"}],"version-history":[{"count":0,"href":"https:\/\/serbenidorm.daliisolutions.com\/index.php\/wp-json\/wp\/v2\/posts\/13490\/revisions"}],"wp:featuredmedia":[{"embeddable":true,"href":"https:\/\/serbenidorm.daliisolutions.com\/index.php\/wp-json\/wp\/v2\/media\/13491"}],"wp:attachment":[{"href":"https:\/\/serbenidorm.daliisolutions.com\/index.php\/wp-json\/wp\/v2\/media?parent=13490"}],"wp:term":[{"taxonomy":"category","embeddable":true,"href":"https:\/\/serbenidorm.daliisolutions.com\/index.php\/wp-json\/wp\/v2\/categories?post=13490"},{"taxonomy":"post_tag","embeddable":true,"href":"https:\/\/serbenidorm.daliisolutions.com\/index.php\/wp-json\/wp\/v2\/tags?post=13490"}],"curies":[{"name":"wp","href":"https:\/\/api.w.org\/{rel}","templated":true}]}}