{"id":13492,"date":"2025-03-26T12:14:57","date_gmt":"2025-03-26T11:14:57","guid":{"rendered":"https:\/\/serbenidorm.daliisolutions.com\/index.php\/2025\/03\/26\/la-guardia-civil-detiene-al-responsable-de-multitud-de-robos-en-casas-y-negocios-de-altea-y-javea\/"},"modified":"2025-03-26T12:14:57","modified_gmt":"2025-03-26T11:14:57","slug":"la-guardia-civil-detiene-al-responsable-de-multitud-de-robos-en-casas-y-negocios-de-altea-y-javea","status":"publish","type":"post","link":"https:\/\/serbenidorm.daliisolutions.com\/index.php\/2025\/03\/26\/la-guardia-civil-detiene-al-responsable-de-multitud-de-robos-en-casas-y-negocios-de-altea-y-javea\/","title":{"rendered":"La Guardia Civil detiene al responsable de multitud de robos en casas y negocios de Altea y J\u00e1vea"},"content":{"rendered":"  <p><div data-adtype=\"MLDB\"><\/div><\/p>   <p>Altea<\/p>   <p>La Guardia Civil ha detenido a un hombre de nacionalidad moldava de 35 a\u00f1os de edad como presunto autor de cinco robos con fuerza en el interior de viviendas y otro en una cafeter\u00eda ocurridos desde el pasado mes de diciembre. La mayor\u00eda de los delitos se cometieron en Calpe a excepci\u00f3n de uno que tuvo lugar en Lliber.<\/p>   <p>Durante el pasado mes de febrero y principios de marzo la benem\u00e9rita detect\u00f3 un incremento en los robos con fuerza en chalets y cafeter\u00edas y las primeras investigaciones permitieron determinar que los robos se comet\u00edan en horario nocturno y que probablemente el autor actuaba en solitario, empleando un mismo <i>modus operandi<\/i>: la fractura de puertas y ventanas para acceder al interior de los inmuebles.<\/p>  <p><p>M\u00e1s informaci\u00f3n<\/p><figure><img loading=\"lazy\" decoding=\"async\" src=\"https:\/\/cadenaser.com\/resizer\/v2\/IQOD6MISDFC3ZDYA2574PZEW6Q.jpeg?auth=67e62b4bd795adda59eab4e7a14bd71f089807ad9634051408663593e0e250d0&amp;quality=70&amp;width=360&amp;height=202&amp;smart=true\" width=\"820\" height=\"621\" \/><\/figure><ul><li><a href=\"https:\/\/cadenaser.com\/comunitat-valenciana\/2025\/03\/21\/la-policia-detiene-en-benidorm-a-un-constructor-por-explotar-laboralmente-a-migrantes-radio-benidorm\/\"><span>La Polic\u00eda detiene en Benidorm a un constructor por explotar laboralmente a migrantes<\/span><\/a><\/li><\/ul><\/p>   <p>Gracias al an\u00e1lisis de diversas horas de grabaciones de seguridad, la toma de testimonios y las vigilancias realizadas por los agentes se logr\u00f3 identificar y situar al sospechoso en los escenarios delictivos. <\/p>   <p>Tras su detenci\u00f3n, se llev\u00f3 a cabo un registro en su domicilio, ubicado en una urbanizaci\u00f3n de la misma localidad, donde se intervinieron numerosos efectos, entre ellos aparatos electr\u00f3nicos, herramientas, joyer\u00eda y bisuter\u00eda, todo ello de dudosa procedencia.<\/p>   <p>El detenido, junto con los efectos intervenidos, fue puesto a disposici\u00f3n del Juzgado de Instrucci\u00f3n de Guardia de Denia, que decret\u00f3 su puesta en libertad con medidas cautelares.<\/p>   <p>     .c-w {         max-width: 662px;         width: 100%;         margin:12px 0 24px auto;         background: #00755E;         border-radius: 99px;         display: flex;         align-items: center;         justify-content: center;     }     .c-w:hover {         background-color:#6CB3A5;     }      .c-w a {         display: flex;         align-items: center;         justify-content: center;         padding: 6px 0;         width:100%;     }      .c-w img {         width: 24px;         margin-right: 12px;     }      .c-w p {         font: 18px\/30px Poppins;         text-align: center;         color: #fff;         margin: 0;     }      @media (max-width:444px) {         .c-w a {             padding: 4px 12px;         }          .c-w img {             width: 24px;             margin-right: 8px;         }          .c-w p {             font: 14px\/25px Poppins;         }     }      @media (max-width:335px) {         .c-w p {             font: 13px\/25px Poppins;         }     }  <div class=\"c-w\"> <a href=\"https:\/\/www.whatsapp.com\/channel\/0029Va633PF9WtC4l7XUzh1e\" rel=\"nofollow\" target=\"_blank\">         <img decoding=\"async\" src=\"https:\/\/cadenaser.com\/estaticos\/recursosgraficos\/responsive\/img\/ico-whatsapp.svg\" alt=\"Whatsapp\">         <p>\u00danete al <b>canal de WhatsApp<\/b> de la SER<\/p>     <\/a> <\/div><\/p>   <p>Cabe destacar que el detenido cuenta con un amplio historial delictivo por delitos contra el patrimonio y, en el momento de la detenci\u00f3n, <a href=\"https:\/\/cadenaser.com\/tag\/altea\/a\/\" target=\"_blank\">ten\u00eda en vigor una orden de b\u00fasqueda, detenci\u00f3n y personaci\u00f3n emitida por el Juzgado de Instrucci\u00f3n n\u00ba 3 del Partido Judicial de Denia por robos cometidos durante los meses de noviembre y diciembre del a\u00f1o pasado en Altea<\/a>.<\/p>   <p>La Guardia Civil contin\u00faa con las investigaciones para esclarecer la procedencia de los objetos recuperados. Con este fin, ha difundido una fotograf\u00eda con los efectos incautados para que posibles v\u00edctimas puedan reconocerlos y, en su caso, proceder a su devoluci\u00f3n. Los objetos se encuentran depositados en el Puesto Principal de la Guardia Civil de Calpe.<\/p> ","protected":false},"excerpt":{"rendered":"<p>Forzaba puertas y ventanas<\/p>\n","protected":false},"author":0,"featured_media":13493,"comment_status":"open","ping_status":"open","sticky":false,"template":"","format":"standard","meta":{"_acf_changed":false,"footnotes":""},"categories":[1],"tags":[],"class_list":["post-13492","post","type-post","status-publish","format-standard","has-post-thumbnail","hentry","category-sin-categoria"],"acf":{"ser_id":"HM63AV2YWJC4NOYXZI6GROBWSI","ser_url":"https:\/\/cadenaser.com\/comunitat-valenciana\/2025\/03\/24\/la-guardia-civil-detiene-al-responsable-de-multitud-de-robos-en-casas-y-negocios-de-altea-y-javea-radio-benidorm\/"},"_links":{"self":[{"href":"https:\/\/serbenidorm.daliisolutions.com\/index.php\/wp-json\/wp\/v2\/posts\/13492","targetHints":{"allow":["GET"]}}],"collection":[{"href":"https:\/\/serbenidorm.daliisolutions.com\/index.php\/wp-json\/wp\/v2\/posts"}],"about":[{"href":"https:\/\/serbenidorm.daliisolutions.com\/index.php\/wp-json\/wp\/v2\/types\/post"}],"replies":[{"embeddable":true,"href":"https:\/\/serbenidorm.daliisolutions.com\/index.php\/wp-json\/wp\/v2\/comments?post=13492"}],"version-history":[{"count":0,"href":"https:\/\/serbenidorm.daliisolutions.com\/index.php\/wp-json\/wp\/v2\/posts\/13492\/revisions"}],"wp:featuredmedia":[{"embeddable":true,"href":"https:\/\/serbenidorm.daliisolutions.com\/index.php\/wp-json\/wp\/v2\/media\/13493"}],"wp:attachment":[{"href":"https:\/\/serbenidorm.daliisolutions.com\/index.php\/wp-json\/wp\/v2\/media?parent=13492"}],"wp:term":[{"taxonomy":"category","embeddable":true,"href":"https:\/\/serbenidorm.daliisolutions.com\/index.php\/wp-json\/wp\/v2\/categories?post=13492"},{"taxonomy":"post_tag","embeddable":true,"href":"https:\/\/serbenidorm.daliisolutions.com\/index.php\/wp-json\/wp\/v2\/tags?post=13492"}],"curies":[{"name":"wp","href":"https:\/\/api.w.org\/{rel}","templated":true}]}}