{"id":13494,"date":"2025-03-26T12:14:58","date_gmt":"2025-03-26T11:14:58","guid":{"rendered":"https:\/\/serbenidorm.daliisolutions.com\/index.php\/2025\/03\/26\/benidorm-tendra-los-primeros-usuarios-de-la-red-de-agua-regenerada-antes-de-fin-de-ano\/"},"modified":"2025-03-26T12:14:58","modified_gmt":"2025-03-26T11:14:58","slug":"benidorm-tendra-los-primeros-usuarios-de-la-red-de-agua-regenerada-antes-de-fin-de-ano","status":"publish","type":"post","link":"https:\/\/serbenidorm.daliisolutions.com\/index.php\/2025\/03\/26\/benidorm-tendra-los-primeros-usuarios-de-la-red-de-agua-regenerada-antes-de-fin-de-ano\/","title":{"rendered":"Benidorm tendr\u00e1 los primeros usuarios de la Red de Agua Regenerada antes de fin de a\u00f1o"},"content":{"rendered":"  <p><div data-adtype=\"MLDB\"><\/div><\/p>   <p>Benidorm<\/p>   <p>El Ayuntamiento de Benidorm quiere licitar en abril las primeras obras incluidas en el <a href=\"https:\/\/cadenaser.com\/comunitat-valenciana\/2024\/12\/16\/benidorm-implantara-en-2025-la-red-de-agua-regenerada-en-la-avenida-adolfo-suarez-radio-benidorm\/\" target=\"_blank\" rel=\"nofollow\" title=\"https:\/\/cadenaser.com\/comunitat-valenciana\/2024\/12\/16\/benidorm-implantara-en-2025-la-red-de-agua-regenerada-en-la-avenida-adolfo-suarez-radio-benidorm\/\">Plan Director de Agua Regenerada<\/a> para poder iniciar en septiembre los trabajos de la primera fase. El objetivo es que antes de que finalice 2025 las primeras comunidades de propietarios de la ciudad ya puedan tener acceso a esta red de agua regenerada.<\/p>   <p>As\u00ed lo han adelantado el <a href=\"https:\/\/cadenaser.com\/comunitat-valenciana\/2024\/07\/10\/benidorm-quiere-unir-la-depuradora-con-todos-los-barrios-con-un-plan-de-agua-regenerada-radio-benidorm\/\" target=\"_blank\" rel=\"nofollow\" title=\"https:\/\/cadenaser.com\/comunitat-valenciana\/2024\/07\/10\/benidorm-quiere-unir-la-depuradora-con-todos-los-barrios-con-un-plan-de-agua-regenerada-radio-benidorm\/\">edil de Ciclo del Agua, Jos\u00e9 Ram\u00f3n Gonz\u00e1lez de Z\u00e1rate<\/a>, y el gerente de Hidraqua, Ciriaco Clemente, en <a href=\"https:\/\/radiobenidorm.es\" target=\"_blank\" rel=\"nofollow\" title=\"https:\/\/radiobenidorm.es\">Hoy por Hoy Benidorm<\/a>, quienes tambi\u00e9n han se\u00f1alado que \u00abpor el momento la inversi\u00f3n ser\u00e1 totalmente municipal\u00bb y que la red de agua regenerada tendr\u00e1 tambi\u00e9n tomas en zonas como el Parque del Moralet o el Paseo de Poniente. \u00abContar con una red de agua regenerada nos permitir\u00e1 tener un ahorro econ\u00f3mico del 35%\u00bb, a\u00f1ade Gonz\u00e1lez de Z\u00e1rate. <\/p>   <p>Todos los pormenores sobre el Plan Director de Agua Regenerada se dar\u00e1 a conocer a la ciudadan\u00eda, hosteler\u00eda y comunidades de propietarios este viernes, 28 de marzo, en el marco de los actos conmemorativos D\u00eda Mundial del Agua, celebrado el pasado 22 de marzo, pero que en Benidorm cuenta con un programa de actividades que se extiende a lo largo de toda una semana. <\/p>   <p>Dentro de estos actos el Ayuntamiento ha anunciado hoy que la ciudad ensaya un proyecto piloto para instalar fuentes de agua potable refrigerada en el municipio.<\/p>   <p>Por el momento, ya se ha instalado un surtidor en el cruce de Armada Espa\u00f1ola y la avenida Racharell y esta semana se colocar\u00e1n dos m\u00e1s en el Parque de la S\u00e9quia Mare y en la plaza del Torrej\u00f3.<\/p>   <p>     .c-w {         max-width: 662px;         width: 100%;         margin:12px 0 24px auto;         background: #00755E;         border-radius: 99px;         display: flex;         align-items: center;         justify-content: center;     }     .c-w:hover {         background-color:#6CB3A5;     }      .c-w a {         display: flex;         align-items: center;         justify-content: center;         padding: 6px 0;         width:100%;     }      .c-w img {         width: 24px;         margin-right: 12px;     }      .c-w p {         font: 18px\/30px Poppins;         text-align: center;         color: #fff;         margin: 0;     }      @media (max-width:444px) {         .c-w a {             padding: 4px 12px;         }          .c-w img {             width: 24px;             margin-right: 8px;         }          .c-w p {             font: 14px\/25px Poppins;         }     }      @media (max-width:335px) {         .c-w p {             font: 13px\/25px Poppins;         }     }  <div class=\"c-w\"> <a href=\"https:\/\/www.whatsapp.com\/channel\/0029Va633PF9WtC4l7XUzh1e\" rel=\"nofollow\" target=\"_blank\">         <img decoding=\"async\" src=\"https:\/\/cadenaser.com\/estaticos\/recursosgraficos\/responsive\/img\/ico-whatsapp.svg\" alt=\"Whatsapp\">         <p>\u00danete al <b>canal de WhatsApp<\/b> de la SER<\/p>     <\/a> <\/div><\/p>   <p>El objetivo es facilitar la disponibilidad de agua del grifo a la ciudadan\u00eda, fomentar su consumo y reducir la generaci\u00f3n de residuos pl\u00e1sticos asociados a las botellas de un solo uso.<\/p>   <p>Por otra parte, el Consistorio ultima las obras del primer tramo de la avenida Montecarlo, mientras los t\u00e9cnicos estudian ya la segunda fase del proyecto para su licitaci\u00f3n. Esta semana se inicia la pavimentaci\u00f3n de la avenida desde Par\u00eds a Roma, tramo que incluye ya la colocaci\u00f3n de un tramo de la red de agua regenerada.<\/p>   <p>El Ayuntamiento prev\u00e9 licitar a partir de abril los trabajos entre las calles Roma y Berl\u00edn para empezar la obra tras el verano.<\/p> ","protected":false},"excerpt":{"rendered":"<p>El Ayuntamiento quiere licitar la obra en abril y comenzar los trabajos en septiembre<\/p>\n","protected":false},"author":0,"featured_media":13495,"comment_status":"open","ping_status":"open","sticky":false,"template":"","format":"standard","meta":{"_acf_changed":false,"footnotes":""},"categories":[1],"tags":[],"class_list":["post-13494","post","type-post","status-publish","format-standard","has-post-thumbnail","hentry","category-sin-categoria"],"acf":{"ser_id":"XGELCZT2QVEXTKOCP2XKAVTJCI","ser_url":"https:\/\/cadenaser.com\/comunitat-valenciana\/2025\/03\/24\/benidorm-tendra-los-primeros-usuarios-de-la-red-de-agua-regenerada-antes-de-fin-de-ano-radio-benidorm\/"},"_links":{"self":[{"href":"https:\/\/serbenidorm.daliisolutions.com\/index.php\/wp-json\/wp\/v2\/posts\/13494","targetHints":{"allow":["GET"]}}],"collection":[{"href":"https:\/\/serbenidorm.daliisolutions.com\/index.php\/wp-json\/wp\/v2\/posts"}],"about":[{"href":"https:\/\/serbenidorm.daliisolutions.com\/index.php\/wp-json\/wp\/v2\/types\/post"}],"replies":[{"embeddable":true,"href":"https:\/\/serbenidorm.daliisolutions.com\/index.php\/wp-json\/wp\/v2\/comments?post=13494"}],"version-history":[{"count":0,"href":"https:\/\/serbenidorm.daliisolutions.com\/index.php\/wp-json\/wp\/v2\/posts\/13494\/revisions"}],"wp:featuredmedia":[{"embeddable":true,"href":"https:\/\/serbenidorm.daliisolutions.com\/index.php\/wp-json\/wp\/v2\/media\/13495"}],"wp:attachment":[{"href":"https:\/\/serbenidorm.daliisolutions.com\/index.php\/wp-json\/wp\/v2\/media?parent=13494"}],"wp:term":[{"taxonomy":"category","embeddable":true,"href":"https:\/\/serbenidorm.daliisolutions.com\/index.php\/wp-json\/wp\/v2\/categories?post=13494"},{"taxonomy":"post_tag","embeddable":true,"href":"https:\/\/serbenidorm.daliisolutions.com\/index.php\/wp-json\/wp\/v2\/tags?post=13494"}],"curies":[{"name":"wp","href":"https:\/\/api.w.org\/{rel}","templated":true}]}}